{"id":4168,"date":"2011-11-05T22:19:03","date_gmt":"2011-11-05T21:19:03","guid":{"rendered":"http:\/\/www.lacanquotidien.fr\/blog\/?p=4168"},"modified":"2011-11-05T22:38:52","modified_gmt":"2011-11-05T21:38:52","slug":"%cf%84%ce%b9-%ce%b5%ce%af%ce%bd%ce%b1%ce%b9-%ce%b1%cf%85%cf%84%cf%8c-%cf%80%ce%bf%cf%85-%ce%bb%ce%b5%ce%af%cf%80%ce%b5%ce%b9-%ce%b1%cf%80%cf%8c-%cf%84%ce%b9%cf%82-%ce%b3%cf%85%ce%bd%ce%b1%ce%af%ce%ba","status":"publish","type":"post","link":"https:\/\/lacanquotidien.fr\/blog\/2011\/11\/%cf%84%ce%b9-%ce%b5%ce%af%ce%bd%ce%b1%ce%b9-%ce%b1%cf%85%cf%84%cf%8c-%cf%80%ce%bf%cf%85-%ce%bb%ce%b5%ce%af%cf%80%ce%b5%ce%b9-%ce%b1%cf%80%cf%8c-%cf%84%ce%b9%cf%82-%ce%b3%cf%85%ce%bd%ce%b1%ce%af%ce%ba\/","title":{"rendered":"\u03a4\u03b9 \u03b5\u03af\u03bd\u03b1\u03b9 \u03b1\u03c5\u03c4\u03cc \u03c0\u03bf\u03c5 \u03bb\u03b5\u03af\u03c0\u03b5\u03b9 \u03b1\u03c0\u03cc \u03c4\u03b9\u03c2 \u03b3\u03c5\u03bd\u03b1\u03af\u03ba\u03b5\u03c2 &#8211; L&rsquo;\u00eatre qui manque aux femmes"},"content":{"rendered":"<div style=\"text-align: center;\"><a href=\"http:\/\/www.lacanquotidien.fr\/blog\/wp-content\/uploads\/2011\/11\/P-Francesconi-1-%CE%A4%CE%B9-%CE%B5%CE%AF%CE%BD%CE%B1%CE%B9-%CE%B1%CF%85%CF%84%CF%8C-%CF%80%CE%BF%CF%85-%CE%BB%CE%B5%CE%AF%CF%80%CE%B5%CE%B9.pdf\">P Francesconi-1 &#8211; \u03a4\u03b9 \u03b5\u03af\u03bd\u03b1\u03b9 \u03b1\u03c5\u03c4\u03cc \u03c0\u03bf\u03c5 \u03bb\u03b5\u03af\u03c0\u03b5\u03b9<!--more--><\/a><\/div>\n<div style=\"text-align: center;\"><span style=\"font-family: Calibri; font-size: medium;\">Le Coll\u00e8ge Clinique d\u2019Ath\u00e8nes de l\u2019Institut du Champ freudien<br \/>\net le Service de psychiatrie de l\u2019enfant et de l\u2019adolescent de l\u2019h\u00f4pital G. Gennimatas<br \/>\norganisent une conf\u00e9rence sur le th\u00e8me :<br \/>\n<\/span><\/div>\n<p style=\"text-align: center;\"><span style=\"font-size: medium;\">\u00ab\u00a0l&rsquo;\u00eatre qui manque aux femmes\u00a0\u00bb<br \/>\n<\/span><span><br \/>\n<\/span><span style=\"font-size: medium;\"><span style=\"font-family: Calibri,Verdana,Helvetica,Arial;\">avec <\/span><span style=\"font-family: Calibri Bold;\">Paola Francesconi<\/span><\/span><span style=\"font-family: Calibri,Verdana,Helvetica,Arial; font-size: medium;\"><br \/>\npsychanalyste, psychiatre<br \/>\nPr\u00e9sidente de la Scuola Lacaniana di Psicoanalisi<br \/>\n<\/span><span style=\"font-family: Calibri Bold;\"><br \/>\n<span style=\"font-size: medium;\">le vendredi 4 novembre 2011<\/span><\/span><span style=\"font-family: Calibri,Verdana,Helvetica,Arial; font-size: medium;\">\u00a0 \u00e0 19h30<\/span><\/p>\n<p>\u00e0 l&rsquo; Amphith\u00e9\u00e2tre de l\u2019h\u00f4pital G. Gennimatas<\/p>\n<p>Entr\u00e9e libre<\/p>\n<p>&nbsp;<\/p>\n","protected":false},"excerpt":{"rendered":"<p><a href=\"http:\/\/www.lacanquotidien.fr\/blog\/wp-content\/uploads\/2011\/11\/P-Francesconi-1-%CE%A4%CE%B9-%CE%B5%CE%AF%CE%BD%CE%B1%CE%B9-%CE%B1%CF%85%CF%84%CF%8C-%CF%80%CE%BF%CF%85-%CE%BB%CE%B5%CE%AF%CF%80%CE%B5%CE%B9.pdf\">P Francesconi-1 &#8211; \u03a4\u03b9 \u03b5\u03af\u03bd\u03b1\u03b9 \u03b1\u03c5\u03c4\u03cc \u03c0\u03bf\u03c5 \u03bb\u03b5\u03af\u03c0\u03b5\u03b9<\/a><\/p>\n","protected":false},"author":9,"featured_media":4173,"comment_status":"closed","ping_status":"closed","sticky":false,"template":"","format":"standard","meta":{"_monsterinsights_skip_tracking":false,"_monsterinsights_sitenote_active":false,"_monsterinsights_sitenote_note":"","_monsterinsights_sitenote_category":0,"footnotes":""},"categories":[563],"tags":[],"class_list":["post-4168","post","type-post","status-publish","format-standard","has-post-thumbnail","hentry","category-grec"],"_links":{"self":[{"href":"https:\/\/lacanquotidien.fr\/blog\/wp-json\/wp\/v2\/posts\/4168","targetHints":{"allow":["GET"]}}],"collection":[{"href":"https:\/\/lacanquotidien.fr\/blog\/wp-json\/wp\/v2\/posts"}],"about":[{"href":"https:\/\/lacanquotidien.fr\/blog\/wp-json\/wp\/v2\/types\/post"}],"author":[{"embeddable":true,"href":"https:\/\/lacanquotidien.fr\/blog\/wp-json\/wp\/v2\/users\/9"}],"replies":[{"embeddable":true,"href":"https:\/\/lacanquotidien.fr\/blog\/wp-json\/wp\/v2\/comments?post=4168"}],"version-history":[{"count":6,"href":"https:\/\/lacanquotidien.fr\/blog\/wp-json\/wp\/v2\/posts\/4168\/revisions"}],"predecessor-version":[{"id":4178,"href":"https:\/\/lacanquotidien.fr\/blog\/wp-json\/wp\/v2\/posts\/4168\/revisions\/4178"}],"wp:featuredmedia":[{"embeddable":true,"href":"https:\/\/lacanquotidien.fr\/blog\/wp-json\/wp\/v2\/media\/4173"}],"wp:attachment":[{"href":"https:\/\/lacanquotidien.fr\/blog\/wp-json\/wp\/v2\/media?parent=4168"}],"wp:term":[{"taxonomy":"category","embeddable":true,"href":"https:\/\/lacanquotidien.fr\/blog\/wp-json\/wp\/v2\/categories?post=4168"},{"taxonomy":"post_tag","embeddable":true,"href":"https:\/\/lacanquotidien.fr\/blog\/wp-json\/wp\/v2\/tags?post=4168"}],"curies":[{"name":"wp","href":"https:\/\/api.w.org\/{rel}","templated":true}]}}