{"id":4351,"date":"2011-11-09T23:07:30","date_gmt":"2011-11-09T22:07:30","guid":{"rendered":"http:\/\/www.lacanquotidien.fr\/blog\/?p=4351"},"modified":"2011-11-17T22:22:31","modified_gmt":"2011-11-17T21:22:31","slug":"%c2%abmancamento-radiale%c2%bb","status":"publish","type":"post","link":"https:\/\/lacanquotidien.fr\/blog\/2011\/11\/%c2%abmancamento-radiale%c2%bb\/","title":{"rendered":"\u00abMancamento radiale\u00bb di Antonio Di Ciaccia"},"content":{"rendered":"<p lang=\"ru-RU\" align=\"LEFT\"><span style=\"color: #0000ff;\"><span style=\"font-family: Calibri, sans-serif;\"><strong>I Crociati d&rsquo;oggigiorno<\/strong><\/span><\/span><\/p>\n<p lang=\"ru-RU\" align=\"JUSTIFY\"><span style=\"font-family: Calibri,sans-serif;\"><a href=\"http:\/\/www.lacanquotidien.fr\/blog\/wp-content\/uploads\/2011\/11\/Romeo-Castellucci.jpg\"><img loading=\"lazy\" decoding=\"async\" class=\"alignleft size-thumbnail wp-image-4380\" title=\"Romeo Castellucci\" src=\"http:\/\/www.lacanquotidien.fr\/blog\/wp-content\/uploads\/2011\/11\/Romeo-Castellucci-150x150.jpg\" alt=\"\" width=\"150\" height=\"150\" \/><\/a>Dal 10 al 14 novembre <span style=\"color: #0000ff;\"><strong>Romeo Castellucci<\/strong><\/span> presenter\u00e0 la sua ultima opera, <span style=\"color: #0000ff;\"><em><strong>Il velo nero del pastore<\/strong><\/em><\/span>,<!--more--> che sta mettendo a punto nelle Marche. Potrete vederlo al Teatro Vascello di Roma, prima che parta per altri lidi. Ecco ancora un spettacolo che tocca il tema del sacro, proprio come quello che \u00e8 presa di mira dal fondamentalisti cristiani in Francia, <span style=\"color: #0000ff;\"><em><strong>Sul concetto di volto nel figlio di Dio<\/strong><\/em><\/span>. <\/span><\/p>\n<p align=\"JUSTIFY\"><span style=\"font-family: Calibri, sans-serif;\">In un&rsquo;intervista concessa il primo novembre alla giornalista de <span style=\"color: #0000ff;\"><em><strong>la Repubblica<\/strong><\/em><\/span> Anna Bandettini, Romeo Castellucci dice di essere molto meravigliato della contestazione suscitata in Francia dalla <em>pi\u00e8ce<\/em>, quando invece non si era prodotto niente di simile n\u00e9 in Italia, n\u00e9 in Spagna, n\u00e9 in Polonia, Paesi tradizionalmente cattolici. L&rsquo;Artista dice di temere di circolare nelle provincie francesi con la sua <em>troupe<\/em> e si dice preoccupato per la propria e per la sicurezza dei suoi attori. \u00abLa mia foto \u00e8 sui <em>blog<\/em> dei fondamentalisti cristiani dove sono additato come terrorista islamico. A loro si sono aggiunti quelli dei nazisti e degli antisemiti. Come a dire: \u00e8 lui. Chi lo vede, \u00e8 suo\u00bb. <\/span><\/p>\n<p align=\"JUSTIFY\"><span style=\"font-family: Calibri, sans-serif;\"><a href=\"http:\/\/www.lacanquotidien.fr\/blog\/wp-content\/uploads\/2011\/11\/Salvatore-Mundi.jpg\"><img loading=\"lazy\" decoding=\"async\" class=\"alignleft size-thumbnail wp-image-4383\" title=\"Salvatore Mundi\" src=\"http:\/\/www.lacanquotidien.fr\/blog\/wp-content\/uploads\/2011\/11\/Salvatore-Mundi-150x150.jpg\" alt=\"\" width=\"150\" height=\"150\" \/><\/a>Alla giornalista che gli domanda per quale motivo egli abbia voluto utilizzare l&rsquo;immagine del <span style=\"color: #0000ff;\"><em><strong>Salvator Mundi<\/strong><\/em><\/span><span style=\"color: #0000ff;\"><strong> di Antonello da Messina<\/strong><\/span> come sfondo della sua pi\u00e8ce teatrale, <span style=\"color: #0000ff;\"><strong>Romeo Castellucci<\/strong><\/span> risponde : \u00abE&rsquo; difficile prescindere dal fiume in cui si \u00e8 nati. Noi siamo nutriti dell&rsquo;immagine di Cristo. E lo spettacolo \u00e8 un <span style=\"color: #0000ff;\"><em><strong>de profundis<\/strong><\/em><\/span>, una preghiera sulla caduta dell&rsquo;uomo che si leva dal punto pi\u00f9 basso, da un nadir dell&rsquo;uomo che ho voluto rappresentare metaforicamente con le finte feci. Ed \u00e8 falso che vengono gettate contro il Cristo di Antonello da Messina, in fondo della scena, perch\u00e9 a quel Cristo lo spettacolo rivolge la domanda accorata <span style=\"color: #0000ff;\"><strong>\u00abperch\u00e9 ci hai abbandonato?\u00bb<\/strong><\/span>. Cio\u00e8 l&rsquo;esatto contrario delle accuse degli integralisti\u00bb. E alla domanda della giornalista: \u00abSe dovesse incontrarli, che direbbe loro?\u00bb. \u00abConvertitevi\u00bb. E spiega: \u00abLi ho visti fuori dal teatro, spaventosi, paiono diavoli e da quello che urlano, si capisce: non conoscono le Sacre Scritture\u00bb.<\/span><\/p>\n<p align=\"JUSTIFY\"><span style=\"font-family: Calibri, sans-serif;\">S\u00ec, \u00abi Crociati di Francia\u00bb, come li apostrofa <em>la Repubblica, <\/em>non conoscono le Scritture. Come del resto tutti i fondamentalisti cristiani poco importa di dove siano. E non hanno neppure l&rsquo;uso e la conoscenza di quel metodo che sono gli Esercizi spirituali di Ignazio di Loyola, sui quali invece Romeo Castellucci si basa per un seminario che propone a Cesena per met\u00e0 novembre dal titolo <span style=\"color: #0000ff;\"><em><strong>M\u00e0ntica \u2013 esercizi di voce umana<\/strong><\/em><\/span>. Non \u00e8 forse un&rsquo;indicazione di questa vena il fatto di aver chiamato la sua compagnia teatrale Soc\u00ecetas Raffaello Sanzio, quando <em>Soc\u00ecetas<\/em>, in latino e con l&rsquo;accento sulla \u00abi\u00bb, richiama il termine con cui Ignazio ha nominato la sua Compagnia?<\/span><\/p>\n<p align=\"JUSTIFY\"><span style=\"font-family: Calibri, sans-serif;\">I fondamentalisti sono quelle persone che hanno l&rsquo;assoluta certezza di credere che quel che pensano sia vero. Cosa che vale per tutti i fondamentalisti, di qualunque colore siano e qualunque (pseudo)religione abbiano. La loro certezza non ha niente a che vedere co la <em>fides<\/em> di <span style=\"color: #0000ff;\"><strong>Tommaso d&rsquo;Aquino<\/strong><\/span>, la quale non \u00e8 altro che una <span style=\"color: #0000ff;\"><em><strong>vehemens opinio<\/strong><\/em><\/span>: niente di pi\u00f9 e niente di meno. I crociati d&rsquo;oggigiorno si battono invece per un ideale che non \u00e8 nient&rsquo;altro che il riflesso allo specchio del loro narcisismo. E concentrano la causa della loro certezza rispetto all&rsquo;ideale in un oggetto immaginario visto sempre allo zenit sul versante agalmatico. E incollano l&rsquo;oggetto all&rsquo;ideale facendone una sfera che \u00e8 un tutto, senza faglia alcuna. <\/span><\/p>\n<p align=\"JUSTIFY\"><span style=\"font-family: Calibri, sans-serif;\">Romeo Castellucci si interessa non gi\u00e0 allo zenit, ma al nadir. Che \u00e8 all&rsquo;opposto: non gi\u00e0 il punto della sfera celeste sulla verticale dell&rsquo;osservatore verso l&rsquo;alto, ma verso il basso. Per dirlo in altri termini, l&rsquo;oggetto non \u00e8 preso in considerazione sul versante <em>agalma<\/em>, ma sul versante <em>palea<\/em>. Ed effettivamente su questo versante, tra l&rsquo;oggetto e l&rsquo;ideale, si aprono faglie, spaccature, voragini \u2013 da cui i crociati d&rsquo;oggigiorno si tengono ben lontani. E fanno bene, poich\u00e9 che la loro certezza si vanificherebbe oppure, se resta inalterata, non sarebbe allora che il marchio senza appello della loro patologia.<\/span><\/p>\n<p align=\"JUSTIFY\"><span style=\"font-family: Calibri, sans-serif;\">Per seguite Romeo Castellucci e la sua Compagnia, si veda il sito <\/span><a href=\"http:\/\/www.raffaellosanzio.org\/\"><span style=\"font-family: Calibri, sans-serif;\">www.raffaellosanzio.org<\/span><\/a><span style=\"font-family: Calibri, sans-serif;\">.\u00a0<\/span><\/p>\n","protected":false},"excerpt":{"rendered":"<p lang=\"ru-RU\" align=\"LEFT\">I Crociati d&rsquo;oggigiorno<\/p>\n<p lang=\"ru-RU\" align=\"JUSTIFY\"><a href=\"http:\/\/www.lacanquotidien.fr\/blog\/wp-content\/uploads\/2011\/11\/Romeo-Castellucci.jpg\"><\/a>Dal 10 al 14 novembre Romeo Castellucci presenter\u00e0 la sua ultima opera, Il velo nero del pastore,<\/p>\n","protected":false},"author":9,"featured_media":5090,"comment_status":"closed","ping_status":"closed","sticky":false,"template":"","format":"standard","meta":{"_monsterinsights_skip_tracking":false,"_monsterinsights_sitenote_active":false,"_monsterinsights_sitenote_note":"","_monsterinsights_sitenote_category":0,"footnotes":""},"categories":[562],"tags":[671,139,637,672],"class_list":["post-4351","post","type-post","status-publish","format-standard","has-post-thumbnail","hentry","category-italiano","tag-antonello-da-messina","tag-antonio-di-ciaccia","tag-romeo-castellucci","tag-salvator-mundi"],"_links":{"self":[{"href":"https:\/\/lacanquotidien.fr\/blog\/wp-json\/wp\/v2\/posts\/4351","targetHints":{"allow":["GET"]}}],"collection":[{"href":"https:\/\/lacanquotidien.fr\/blog\/wp-json\/wp\/v2\/posts"}],"about":[{"href":"https:\/\/lacanquotidien.fr\/blog\/wp-json\/wp\/v2\/types\/post"}],"author":[{"embeddable":true,"href":"https:\/\/lacanquotidien.fr\/blog\/wp-json\/wp\/v2\/users\/9"}],"replies":[{"embeddable":true,"href":"https:\/\/lacanquotidien.fr\/blog\/wp-json\/wp\/v2\/comments?post=4351"}],"version-history":[{"count":19,"href":"https:\/\/lacanquotidien.fr\/blog\/wp-json\/wp\/v2\/posts\/4351\/revisions"}],"predecessor-version":[{"id":4365,"href":"https:\/\/lacanquotidien.fr\/blog\/wp-json\/wp\/v2\/posts\/4351\/revisions\/4365"}],"wp:featuredmedia":[{"embeddable":true,"href":"https:\/\/lacanquotidien.fr\/blog\/wp-json\/wp\/v2\/media\/5090"}],"wp:attachment":[{"href":"https:\/\/lacanquotidien.fr\/blog\/wp-json\/wp\/v2\/media?parent=4351"}],"wp:term":[{"taxonomy":"category","embeddable":true,"href":"https:\/\/lacanquotidien.fr\/blog\/wp-json\/wp\/v2\/categories?post=4351"},{"taxonomy":"post_tag","embeddable":true,"href":"https:\/\/lacanquotidien.fr\/blog\/wp-json\/wp\/v2\/tags?post=4351"}],"curies":[{"name":"wp","href":"https:\/\/api.w.org\/{rel}","templated":true}]}}