{"id":4360,"date":"2011-11-09T23:16:36","date_gmt":"2011-11-09T22:16:36","guid":{"rendered":"http:\/\/www.lacanquotidien.fr\/blog\/?p=4360"},"modified":"2011-11-11T22:51:07","modified_gmt":"2011-11-11T21:51:07","slug":"le-theatre-garonne-pour-g%cf%8clgota-picnic","status":"publish","type":"post","link":"https:\/\/lacanquotidien.fr\/blog\/2011\/11\/le-theatre-garonne-pour-g%cf%8clgota-picnic\/","title":{"rendered":"Le th\u00e9\u00e2tre Garonne pour G\u03cclgota Picnic"},"content":{"rendered":"<p align=\"LEFT\"><span style=\"color: #000000;\"><span style=\"font-family: Calibri, sans-serif;\"><span style=\"font-size: small;\"><span style=\"color: #ff0000;\"><strong>COMMUNIQU\u00c9<\/strong>\u00a0 \u00a0 \u00a0 \u00a0 \u00a0 \u00a0 \u00a0 \u00a0 \u00a0 \u00a0 \u00a0 \u00a0 \u00a0 \u00a0 \u00a0 \u00a0 \u00a0<\/span><\/span><\/span><\/span><strong style=\"text-align: -webkit-right;\"><span><span style=\"font-family: Calibri, sans-serif;\"><span style=\"font-size: small;\">Toulouse, le 27 octobre 2011<\/span><\/span><\/span>\u00a0\u00a0<\/strong><\/p>\n<p align=\"JUSTIFY\"><span style=\"color: #000000;\"><span style=\"font-family: Calibri,sans-serif;\"><span style=\"font-size: x-small;\"><span style=\"color: #0000ff;\"><span style=\"font-size: small;\"><strong><a href=\"http:\/\/www.lacanquotidien.fr\/blog\/wp-content\/uploads\/2011\/11\/logo_theatre_garonne_small.jpg\"><img loading=\"lazy\" decoding=\"async\" class=\"alignleft size-full wp-image-4377\" title=\"logo_theatre_garonne_small\" src=\"http:\/\/www.lacanquotidien.fr\/blog\/wp-content\/uploads\/2011\/11\/logo_theatre_garonne_small.jpg\" alt=\"\" width=\"100\" height=\"103\" \/><\/a>Le th\u00e9\u00e2tre Garonne<\/strong><\/span><\/span><span style=\"font-size: small;\">, comme d\u2019autres th\u00e9\u00e2tres en France, <\/span><span style=\"color: #0000ff;\"><span style=\"font-size: small;\"><strong>subit depuis plusieurs semaines des pressions et des menaces<\/strong><\/span><\/span><span style=\"font-size: small;\"><!--more--> visant \u00e0 annuler les repr\u00e9sentations du spectacle de <\/span><span style=\"color: #0000ff;\"><span style=\"font-size: small;\"><strong>Rodrigo Garcia<\/strong><\/span><\/span><span style=\"font-size: small;\">, <\/span><span style=\"color: #0000ff;\"><span style=\"font-family: Calibri-Italic,cursive;\"><span style=\"font-size: small;\"><em><strong>G\u03cclgota Picnic<\/strong><\/em><\/span><\/span><\/span><span style=\"font-size: small;\">. Ce spectacle a \u00e9t\u00e9 pr\u00e9sent\u00e9 pendant cinq semaines au Centre Dramatique National de Madrid, puis dans plusieurs villes europ\u00e9ennes, sans aucun incident. Une autre oeuvre est vis\u00e9e par cette campagne : <\/span><span style=\"color: #0000ff;\"><span style=\"font-family: Calibri-Italic,cursive;\"><span style=\"font-size: small;\"><em><strong>Sur le concept du visage du fils de Dieu<\/strong><\/em><\/span><\/span><\/span><span style=\"color: #0000ff;\"><span style=\"font-size: small;\"><strong>, de Romeo Castellucci,<\/strong><\/span><\/span><span style=\"font-size: small;\"> pr\u00e9sent\u00e9e ces jours\u2010ci au Th\u00e9\u00e2tre de la Ville \u00e0 Paris qui subit des attaques sans pr\u00e9c\u00e9dent (<\/span><span style=\"color: #0000ff;\"><span style=\"font-size: small;\"><strong>www.theatredelaville\u2010paris.com<\/strong><\/span><\/span><span style=\"font-size: small;\">).<\/span><\/span><\/span><\/span><\/p>\n<p align=\"JUSTIFY\"><span style=\"color: #000000;\"><span style=\"font-family: Calibri, sans-serif;\"><span style=\"font-size: x-small;\"><span style=\"font-size: small;\">Ce<\/span><\/span><\/span><\/span><span style=\"font-family: Calibri, sans-serif; font-size: small;\">\u00a0mouvement est initi\u00e9 notamment par l\u2019Institut Civitas qui se d\u00e9finit comme un \u00ab mouvement politique inspir\u00e9 par le droit naturel et la doctrine sociale de l&rsquo;\u00c9glise et regroupant des la\u00efcs catholiques engag\u00e9s dans l\u2019instauration de la Royaut\u00e9 sociale du Christ sur les nations et les peuples \u00bb. L\u2019<\/span><span style=\"font-family: Calibri, sans-serif; font-size: x-small; color: #0000ff;\"><span style=\"font-size: small;\"><strong>Institut Civitas<\/strong><\/span><\/span><span style=\"font-family: Calibri, sans-serif; font-size: small;\"> accuse \u2013 sans fondement \u2013 <\/span><span style=\"font-size: x-small; font-family: Calibri-Italic, cursive;\"><span style=\"font-size: small;\"><em>G\u03cclgota Picnic <\/em><\/span><\/span><span style=\"font-family: Calibri, sans-serif; font-size: small;\">d\u2019offenser la figure du Christ et la religion catholique, qualifiant le spectacle de \u00ab blasph\u00e9matoire \u00bb. Ce faisant, il d\u00e9nie le droit inali\u00e9nable \u00e0 la <\/span><span style=\"font-family: Calibri, sans-serif; font-size: x-small; color: #0000ff;\"><span style=\"font-size: small;\"><strong>libert\u00e9 d\u2019expression<\/strong><\/span><\/span><span style=\"font-family: Calibri, sans-serif; font-size: small;\"> qui s\u2019inscrit dans le cadre de la loi. La violence et la haine d\u00e9clench\u00e9es, au\u2010del\u00e0 de l\u2019inqui\u00e9tude l\u00e9gitime qu\u2019elles suscitent, appellent en retour une responsabilit\u00e9 citoyenne. <\/span><span style=\"font-family: Calibri, sans-serif; font-size: x-small; color: #0000ff;\"><span style=\"font-size: small;\"><strong>Le th\u00e9\u00e2tre Garonne, solidaire des th\u00e9\u00e2tres vis\u00e9s<\/strong><\/span><\/span><span style=\"font-family: Calibri, sans-serif; font-size: small;\">, revendique par ailleurs pleinement les raisons artistiques qui l\u2019ont amen\u00e9 \u00e0 programmer le spectacle de Rodrigo Garcia, qui sera montr\u00e9 \u00e0 Toulouse aux dates pr\u00e9vues.<a href=\"http:\/\/www.lacanquotidien.fr\/blog\/wp-content\/uploads\/2011\/11\/theatre-garonne.jpg\"><img loading=\"lazy\" decoding=\"async\" class=\"alignleft size-thumbnail wp-image-4378\" title=\"theatre-garonne\" src=\"http:\/\/www.lacanquotidien.fr\/blog\/wp-content\/uploads\/2011\/11\/theatre-garonne-150x150.jpg\" alt=\"\" width=\"150\" height=\"150\" \/><\/a><\/span><\/p>\n<p align=\"LEFT\"><span style=\"color: #ff0000;\"><span style=\"font-family: Calibri, sans-serif;\"><span style=\"font-size: small;\"><strong>Jacky Ohayon et l\u2019\u00e9quipe du Th\u00e9\u00e2tre Garonne<\/strong><\/span><\/span><\/span><\/p>\n<p align=\"LEFT\"><span style=\"color: #000000;\"><span style=\"font-family: Calibri-Italic, cursive;\"><span style=\"font-size: medium;\"><em><strong>G\u03cclgota Picnic<\/strong><\/em><\/span><\/span><\/span><\/p>\n<p align=\"LEFT\"><span style=\"color: #000000;\"><span style=\"font-family: Calibri, sans-serif;\"><span style=\"font-size: small;\"><strong>du 16 au 20 novembre, th\u00e9\u00e2tre Garonne\u2010Toulouse<\/strong><\/span><\/span><\/span><\/p>\n<p align=\"LEFT\"><span style=\"color: #000000;\"><span style=\"font-family: Calibri, sans-serif;\"><span style=\"font-size: small;\"><strong>du 8 au 17 d\u00e9cembre, Th\u00e9\u00e2tre du Rond\u2010Point &amp; Festival d\u2019Automne \u00e0 Paris<\/strong><\/span><\/span><\/span><\/p>\n<p align=\"LEFT\"><span style=\"color: #000000;\"><span style=\"font-family: Calibri, sans-serif;\"><span style=\"font-size: small;\"><strong>contact presse<\/strong><\/span><\/span><\/span><\/p>\n<p align=\"LEFT\"><span style=\"color: #0000ff;\"><span style=\"font-family: Calibri, sans-serif;\"><span style=\"font-size: small;\"><strong>b.namont@theatregaronne.com<\/strong><\/span><\/span><\/span><\/p>\n<p align=\"LEFT\"><span style=\"font-size: small;\"><strong><span style=\"color: #000000;\"><span style=\"font-family: Calibri, sans-serif;\">tel 33 (0)5 62 48 56 56<\/span><\/span><\/strong><\/span><\/p>\n<p align=\"LEFT\"><span style=\"color: #0000ff; font-size: x-small;\"><strong><br \/>\n<\/strong><\/span><\/p>\n","protected":false},"excerpt":{"rendered":"<p align=\"LEFT\">COMMUNIQU\u00c9\u00a0 \u00a0 \u00a0 \u00a0 \u00a0 \u00a0 \u00a0 \u00a0 \u00a0 \u00a0 \u00a0 \u00a0 \u00a0 \u00a0 \u00a0 \u00a0 \u00a0Toulouse, le 27 octobre 2011\u00a0\u00a0<\/p>\n<p align=\"JUSTIFY\"><a href=\"http:\/\/www.lacanquotidien.fr\/blog\/wp-content\/uploads\/2011\/11\/logo_theatre_garonne_small.jpg\"><\/a>Le th\u00e9\u00e2tre Garonne, comme d\u2019autres th\u00e9\u00e2tres en France, subit depuis plusieurs semaines des pressions et des menaces<\/p>\n","protected":false},"author":9,"featured_media":4352,"comment_status":"closed","ping_status":"closed","sticky":false,"template":"","format":"standard","meta":{"_monsterinsights_skip_tracking":false,"_monsterinsights_sitenote_active":false,"_monsterinsights_sitenote_note":"","_monsterinsights_sitenote_category":0,"footnotes":""},"categories":[498],"tags":[667,666,668,318],"class_list":["post-4360","post","type-post","status-publish","format-standard","has-post-thumbnail","hentry","category-varia-2","tag-jacky-ohayon","tag-liberte-expression","tag-rodrigo-garcia","tag-theatre"],"_links":{"self":[{"href":"https:\/\/lacanquotidien.fr\/blog\/wp-json\/wp\/v2\/posts\/4360","targetHints":{"allow":["GET"]}}],"collection":[{"href":"https:\/\/lacanquotidien.fr\/blog\/wp-json\/wp\/v2\/posts"}],"about":[{"href":"https:\/\/lacanquotidien.fr\/blog\/wp-json\/wp\/v2\/types\/post"}],"author":[{"embeddable":true,"href":"https:\/\/lacanquotidien.fr\/blog\/wp-json\/wp\/v2\/users\/9"}],"replies":[{"embeddable":true,"href":"https:\/\/lacanquotidien.fr\/blog\/wp-json\/wp\/v2\/comments?post=4360"}],"version-history":[{"count":12,"href":"https:\/\/lacanquotidien.fr\/blog\/wp-json\/wp\/v2\/posts\/4360\/revisions"}],"predecessor-version":[{"id":4507,"href":"https:\/\/lacanquotidien.fr\/blog\/wp-json\/wp\/v2\/posts\/4360\/revisions\/4507"}],"wp:featuredmedia":[{"embeddable":true,"href":"https:\/\/lacanquotidien.fr\/blog\/wp-json\/wp\/v2\/media\/4352"}],"wp:attachment":[{"href":"https:\/\/lacanquotidien.fr\/blog\/wp-json\/wp\/v2\/media?parent=4360"}],"wp:term":[{"taxonomy":"category","embeddable":true,"href":"https:\/\/lacanquotidien.fr\/blog\/wp-json\/wp\/v2\/categories?post=4360"},{"taxonomy":"post_tag","embeddable":true,"href":"https:\/\/lacanquotidien.fr\/blog\/wp-json\/wp\/v2\/tags?post=4360"}],"curies":[{"name":"wp","href":"https:\/\/api.w.org\/{rel}","templated":true}]}}