{"id":4427,"date":"2011-11-11T00:53:49","date_gmt":"2011-11-10T23:53:49","guid":{"rendered":"http:\/\/www.lacanquotidien.fr\/blog\/?p=4427"},"modified":"2011-11-25T10:01:17","modified_gmt":"2011-11-25T09:01:17","slug":"soiree-lacan-la-3e-lettre-a-l%e2%80%99opinion-eclairee-chez-navarin","status":"publish","type":"post","link":"https:\/\/lacanquotidien.fr\/blog\/2011\/11\/soiree-lacan-la-3e-lettre-a-l%e2%80%99opinion-eclairee-chez-navarin\/","title":{"rendered":"SOIREE LACAN, la 3e Lettre \u00e0 l\u2019Opinion \u00e9clair\u00e9e, chez Navarin"},"content":{"rendered":"<p style=\"text-align: justify;\"><span style=\"color: #ff0000;\"><strong>Miller &amp; Sollers, le 6 septembre dernier, \u00e0 Montparnasse,<!--more--> <\/strong><\/span>\u00e9taient invit\u00e9s par l\u2019Ecole de la Cause freudienne, \u00e0 r\u00e9pondre aux questions de Martin Quenehen, pour lancer la Rentr\u00e9e Lacanienne.<\/p>\n<p style=\"text-align: justify;\">Vous vous souvenez\u00a0? Vous les avez rat\u00e9s ?<strong> (<\/strong>Re)d\u00e9couvrez Jacques-Alain &amp; Philippe en lisant\u00a0:<span style=\"color: #0000ff;\"><strong> <\/strong><strong><em>SOIREE LACAN<\/em><\/strong><strong>,<\/strong> <strong>la 3<sup>e<\/sup> Lettre \u00e0 l\u2019Opinion \u00e9clair\u00e9e, chez Navarin<\/strong><\/span>, apr\u00e8s <em>Vie de Lacan<\/em> (1) et <em>Roudinesco, Plagiaire de soi-m\u00eame <\/em>(2).<\/p>\n<p style=\"text-align: justify;\">Parution en librairies le 17 novembre. Disponible d\u00e8s maintenant sur <a title=\"ECF-Echoppe\" href=\"http:\/\/www.ecf-echoppe.com\/index.php\/soiree-lacan.html\" target=\"_blank\">ECF-echoppe<\/a><\/p>\n<p style=\"text-align: justify;\"><a href=\"http:\/\/www.lacanquotidien.fr\/blog\/wp-content\/uploads\/2011\/11\/soiree_lacan_1ere_couv.jpg\"><img loading=\"lazy\" decoding=\"async\" class=\"aligncenter size-full wp-image-4428\" title=\"soiree_lacan_1ere_couv\" src=\"http:\/\/www.lacanquotidien.fr\/blog\/wp-content\/uploads\/2011\/11\/soiree_lacan_1ere_couv.jpg\" alt=\"\" width=\"248\" height=\"351\" srcset=\"https:\/\/lacanquotidien.fr\/blog\/wp-content\/uploads\/2011\/11\/soiree_lacan_1ere_couv.jpg 248w, https:\/\/lacanquotidien.fr\/blog\/wp-content\/uploads\/2011\/11\/soiree_lacan_1ere_couv-211x300.jpg 211w\" sizes=\"auto, (max-width: 248px) 100vw, 248px\" \/><\/a><\/p>\n<p style=\"text-align: justify;\">Ceux qui \u00e9taient l\u00e0, qui ont tout entendu, (re)trouveront aussi, parmi les annexes, une lettre de JAM du 7 avril 2005 : \u00ab\u00a0Pourquoi devrais-je recevoir de vous, ch\u00e8re Elisabeth, je vous le demande, des le\u00e7ons de rigueur agr\u00e9ment\u00e9es de l\u2019injonction d\u2019avoir \u00e0 me taire\u00a0?\u00a0\u00bb (3).<\/p>\n<p style=\"text-align: justify;\" align=\"left\">(1)\u00a0\u00a0\u00a0\u00a0 <em>Vie de Lacan,<\/em> Jacques-Alain Miller, Navarin, septembre 2011<\/p>\n<p style=\"text-align: justify;\" align=\"left\">(2)\u00a0\u00a0\u00a0\u00a0\u00a0 <em>Roudinesco, Plagiaire de soi-m\u00eame,<\/em><em> <\/em>suivi de <em>Lacan, Maurras et les Juifs<\/em>, Nathalie Jaudel, Navarin, octobre 2011<\/p>\n<p style=\"text-align: justify;\" align=\"left\">(3)\u00a0\u00a0\u00a0\u00a0\u00a0 Lettre de Jacques-Alain Miller, <em>Journal des Journ\u00e9es<\/em>, 7 avril 2005, <em>Soir\u00e9e Lacan<\/em>, Navarin, novembre 2011)<\/p>\n<p align=\"center\"><strong><span style=\"color: #0000ff;\">Miller &amp; Sollers<\/span><span style=\"color: #ff0000;\"><em> SOIREE LACAN<\/em><\/span><\/strong><\/p>\n<p style=\"text-align: justify;\"><span style=\"color: #ff0000;\"><strong>I<\/strong><\/span><strong>ls \u00e9voquent Lacan, mort il y a trente ans. Mais rien de cr\u00e9pusculaire dans cette messe du souvenir\u00a0: c\u2019\u00e9tait leur jeunesse. Lacan harponne Philippe, 27 ans\u00a0; il croit avoir affaire \u00e0 un th\u00e9sard\u00a0; puis il s\u2019aper\u00e7oit que ses exp\u00e9riences d\u2019\u00e9criture ont conduit ce gar\u00e7on dans le voisinage de ce que lui-m\u00eame tente au moyen de la parole. El\u00e8ve d\u2019Althusser, Barthes, Derrida, Jacques-Alain, normalien de 20 ans, lit le \u00ab\u00a0Rapport de Rome\u00a0\u00bb, en est comme foudroy\u00e9\u00a0; il rencontre Lacan, qui dialogue sans fa\u00e7ons avec Platon et Descartes. <\/strong><\/p>\n<p style=\"text-align: justify;\"><strong>\u00a0\u00a0 Quelques ann\u00e9es plus tard. Chass\u00e9 de la rue d\u2019Ulm, Lacan s\u2019insurge\u00a0; il trouve en Sollers son paladin, tandis que Miller, ayant vir\u00e9 mao, milite pour \u00ab\u00a0la cause du peuple\u00a0\u00bb. <\/strong><\/p>\n<p style=\"text-align: justify;\"><strong>\u00a0\u00a0 Aujourd\u2019hui\u00a0: l\u2019\u00e9crivain et le psychanalyste se f\u00e9licitent d\u2019\u00eatre toujours l\u00e0, man\u0153uvrant de conserve, dans le 6<sup>e<\/sup> arrondissement, contre ces \u00ab\u00a0faussaires\u00a0\u00bb dont parlait Lacan, \u00ab\u00a0toujours de service sous la banni\u00e8re de l\u2019Esprit\u00a0\u00bb.\u00a0<span style=\"color: #ff0000;\">!!<\/span><\/strong><\/p>\n<blockquote>\n<div><strong>Lisez l&rsquo;ouverture de Sollers a la Une du site La Regle du Jeu : cliquez <a href=\"http:\/\/laregledujeu.org\/2011\/11\/17\/7800\/soiree-lacan-de-jacques-alain-miller-et-philippe-sollers\/\">ici<\/a><\/strong><\/div>\n<\/blockquote>\n<p style=\"text-align: justify;\">\n<p style=\"text-align: justify;\">\n","protected":false},"excerpt":{"rendered":"<p style=\"text-align: justify;\">Miller &amp; Sollers, le 6 septembre dernier, \u00e0 Montparnasse,<\/p>\n","protected":false},"author":9,"featured_media":4428,"comment_status":"closed","ping_status":"closed","sticky":false,"template":"","format":"standard","meta":{"_monsterinsights_skip_tracking":false,"_monsterinsights_sitenote_active":false,"_monsterinsights_sitenote_note":"","_monsterinsights_sitenote_category":0,"footnotes":""},"categories":[568],"tags":[679,680,263,678],"class_list":["post-4427","post","type-post","status-publish","format-standard","has-post-thumbnail","hentry","category-vientdeparaitre","tag-3e-lettre-a-lopinion-eclairee","tag-navarin","tag-philippe-sollers","tag-soiree-lacan"],"_links":{"self":[{"href":"https:\/\/lacanquotidien.fr\/blog\/wp-json\/wp\/v2\/posts\/4427","targetHints":{"allow":["GET"]}}],"collection":[{"href":"https:\/\/lacanquotidien.fr\/blog\/wp-json\/wp\/v2\/posts"}],"about":[{"href":"https:\/\/lacanquotidien.fr\/blog\/wp-json\/wp\/v2\/types\/post"}],"author":[{"embeddable":true,"href":"https:\/\/lacanquotidien.fr\/blog\/wp-json\/wp\/v2\/users\/9"}],"replies":[{"embeddable":true,"href":"https:\/\/lacanquotidien.fr\/blog\/wp-json\/wp\/v2\/comments?post=4427"}],"version-history":[{"count":10,"href":"https:\/\/lacanquotidien.fr\/blog\/wp-json\/wp\/v2\/posts\/4427\/revisions"}],"predecessor-version":[{"id":4431,"href":"https:\/\/lacanquotidien.fr\/blog\/wp-json\/wp\/v2\/posts\/4427\/revisions\/4431"}],"wp:featuredmedia":[{"embeddable":true,"href":"https:\/\/lacanquotidien.fr\/blog\/wp-json\/wp\/v2\/media\/4428"}],"wp:attachment":[{"href":"https:\/\/lacanquotidien.fr\/blog\/wp-json\/wp\/v2\/media?parent=4427"}],"wp:term":[{"taxonomy":"category","embeddable":true,"href":"https:\/\/lacanquotidien.fr\/blog\/wp-json\/wp\/v2\/categories?post=4427"},{"taxonomy":"post_tag","embeddable":true,"href":"https:\/\/lacanquotidien.fr\/blog\/wp-json\/wp\/v2\/tags?post=4427"}],"curies":[{"name":"wp","href":"https:\/\/api.w.org\/{rel}","templated":true}]}}