{"id":4771,"date":"2011-11-14T21:46:45","date_gmt":"2011-11-14T20:46:45","guid":{"rendered":"http:\/\/www.lacanquotidien.fr\/blog\/?p=4771"},"modified":"2011-11-14T21:46:45","modified_gmt":"2011-11-14T20:46:45","slug":"information-aux-amis-et-aux-signataires-de-lappel-pas-de-zero-de-conduite-pour-les-enfants-de-3-ans","status":"publish","type":"post","link":"https:\/\/lacanquotidien.fr\/blog\/2011\/11\/information-aux-amis-et-aux-signataires-de-lappel-pas-de-zero-de-conduite-pour-les-enfants-de-3-ans\/","title":{"rendered":"Information aux amis et aux signataires de l&rsquo;appel \u00ab\u00a0Pas de z\u00e9ro de conduite pour les enfants de 3 ans\u00a0\u00bb"},"content":{"rendered":"<h3 style=\"text-align: center;\" align=\"center\"><span style=\"color: #ff0000;\"><em>Pasde0deconduite <\/em>vous invite au<\/span><\/h3>\n<h3 style=\"text-align: center;\" align=\"center\"><span style=\"color: #ff0000;\">Forum des pratiques de pr\u00e9vention <em>pr\u00e9venante <\/em>pour la petite enfance<\/span><\/h3>\n<h3 style=\"text-align: center;\" align=\"center\"><span style=\"color: #ff0000;\">les 27 et 28 janvier 2012<!--more--><\/span><\/h3>\n<div style=\"text-align: justify;\"><\/div>\n<div style=\"text-align: justify;\"><strong><span style=\"font-size: small;\">La pr\u00e9<\/span><\/strong><strong><\/strong><strong><span style=\"font-size: small;\">vention <em>pr\u00e9venante<\/em> d\u00e9fendue par <em>Pasde0deconduite<\/em> depuis 2006 : comment se pratique-t-elle, de quoi parle-t-on ?<\/span><\/strong><\/div>\n<div style=\"text-align: justify;\"><span style=\"font-size: small;\"><strong>Tel est l\u2019objet du forum (<\/strong><strong><a href=\"http:\/\/www.pasde0deconduite.org\/IMG\/pdf\/depliant_forum2012_Pasde0deconduite_version_ecran.pdf\" target=\"_blank\">flyer de pr\u00e9sentation : cliquez sur ce lien<\/a><\/strong><strong>).<\/strong><\/span><strong><span style=\"font-size: small;\"><br \/>\nCe forum constituera l\u2019illustration que la France a une longue et riche exp\u00e9rience de pr\u00e9vention d\u2019inspiration humaniste, qui reconna\u00eet la singularit\u00e9 et la libert\u00e9 du d\u00e9veloppement de l\u2019enfant autant que celles des processus de parentalit\u00e9.<\/span><a href=\"http:\/\/www.pasde0deconduite.org\/IMG\/pdf\/depliant_forum2012_Pasde0deconduite_version_ecran_p3.pdf\" target=\"_blank\"><br \/>\nUne cinquantaine d\u2019organismes<\/a><\/strong><span style=\"font-size: small;\"><strong> des secteurs associatif, public et priv\u00e9 exposeront leurs projets et leurs pratiques. Les acteurs de terrain en sant\u00e9, modes d\u2019accueil, \u00e9ducation, social, culture,\u2026 viendront montrer comment ils entourent, soutiennent, aident les enfants et leurs familles avec efficacit\u00e9, et sans les stigmatiser, les ficher et les enfermer dans des grilles d\u2019\u00e9valuation et de diagnostics.<\/strong><strong><\/strong><\/span><strong><span style=\"font-size: small;\"><br \/>\nVenez d\u00e9couvrir les actions des participants sur leurs stands, assister \u00e0 la projection de films et aux d\u00e9bats. <a href=\"http:\/\/www.pasde0deconduite.org\/IMG\/pdf\/depliant_forum2012_Pasde0deconduite_version_ecran_p4.pdf\" target=\"_blank\">Pour s\u2019inscrire, cliquez sur ce lien (bulletin \u00e0 t\u00e9l\u00e9charger et renvoyer).<\/a><\/span><\/strong><span style=\"font-size: small;\"><strong><br \/>\nLe forum permettra de t\u00e9moigner d\u2019exp\u00e9riences vivantes et multiformes qui structurent, poursuivent ou inventent les formes possibles d\u2019une pr\u00e9vention globale, pluridisciplinaire, efficace et \u00e9thique (<\/strong><strong><a href=\"http:\/\/www.pasde0deconduite.org\/IMG\/pdf\/depliant_forum2012_Pasde0deconduite_version_ecran_p2.pdf\" target=\"_blank\">lire le programme<\/a><\/strong><strong>).<br \/>\nCe forum confirme notre d\u00e9termination : convaincre les actuels et futurs \u00e9lus, les responsables politiques et institutionnels de s\u2019engager pour une politique digne des enjeux de la petite enfance qui int\u00e8gre les conditions et les qualit\u00e9s d\u2019une pr\u00e9vention <em>pr\u00e9venante<\/em>.<br \/>\nNouvelle publication : un ouvrage <\/strong><a href=\"http:\/\/www.editions-eres.com\/resultat.php?Id=2863\" target=\"_blank\"><strong><em>Petite enfance : une pr\u00e9vention pr\u00e9venante en pratiques<\/em><\/strong><\/a><strong> sera publi\u00e9 aux \u00e9ditions Er\u00e8s \u00e0 l\u2019occasion du forum. <\/strong><\/span><\/div>\n<div style=\"text-align: justify;\"><strong><span style=\"text-decoration: underline;\"><a href=\"http:\/\/www.pasde0deconduite.org\/\" target=\"_blank\"><strong><span style=\"font-size: small;\"><br \/>\nwww.pasde0deconduite.org<\/span><\/strong><\/a><span style=\"font-size: small;\">\u00a0 <\/span><\/span><\/strong><strong><\/strong><\/div>\n<div style=\"text-align: justify;\"><strong><a href=\"mailto:contact@pasde0deconduite.org\" target=\"_blank\">contact@pasde0deconduite.org<\/a> <\/strong><\/div>\n","protected":false},"excerpt":{"rendered":"<p>Pasde0deconduite vous invite au Forum des pratiques de pr\u00e9vention pr\u00e9venante pour la petite enfance les 27 et 28 janvier 2012<\/p>\n","protected":false},"author":9,"featured_media":4782,"comment_status":"closed","ping_status":"closed","sticky":false,"template":"","format":"standard","meta":{"_monsterinsights_skip_tracking":false,"_monsterinsights_sitenote_active":false,"_monsterinsights_sitenote_note":"","_monsterinsights_sitenote_category":0,"footnotes":""},"categories":[79],"tags":[],"class_list":["post-4771","post","type-post","status-publish","format-standard","has-post-thumbnail","hentry","category-allonsy"],"_links":{"self":[{"href":"https:\/\/lacanquotidien.fr\/blog\/wp-json\/wp\/v2\/posts\/4771","targetHints":{"allow":["GET"]}}],"collection":[{"href":"https:\/\/lacanquotidien.fr\/blog\/wp-json\/wp\/v2\/posts"}],"about":[{"href":"https:\/\/lacanquotidien.fr\/blog\/wp-json\/wp\/v2\/types\/post"}],"author":[{"embeddable":true,"href":"https:\/\/lacanquotidien.fr\/blog\/wp-json\/wp\/v2\/users\/9"}],"replies":[{"embeddable":true,"href":"https:\/\/lacanquotidien.fr\/blog\/wp-json\/wp\/v2\/comments?post=4771"}],"version-history":[{"count":2,"href":"https:\/\/lacanquotidien.fr\/blog\/wp-json\/wp\/v2\/posts\/4771\/revisions"}],"predecessor-version":[{"id":4809,"href":"https:\/\/lacanquotidien.fr\/blog\/wp-json\/wp\/v2\/posts\/4771\/revisions\/4809"}],"wp:featuredmedia":[{"embeddable":true,"href":"https:\/\/lacanquotidien.fr\/blog\/wp-json\/wp\/v2\/media\/4782"}],"wp:attachment":[{"href":"https:\/\/lacanquotidien.fr\/blog\/wp-json\/wp\/v2\/media?parent=4771"}],"wp:term":[{"taxonomy":"category","embeddable":true,"href":"https:\/\/lacanquotidien.fr\/blog\/wp-json\/wp\/v2\/categories?post=4771"},{"taxonomy":"post_tag","embeddable":true,"href":"https:\/\/lacanquotidien.fr\/blog\/wp-json\/wp\/v2\/tags?post=4771"}],"curies":[{"name":"wp","href":"https:\/\/api.w.org\/{rel}","templated":true}]}}