{"id":4895,"date":"2011-11-04T16:30:32","date_gmt":"2011-11-04T15:30:32","guid":{"rendered":"http:\/\/www.lacanquotidien.fr\/blog\/?p=4895"},"modified":"2011-12-16T01:59:09","modified_gmt":"2011-12-16T00:59:09","slug":"baltimore-5-00-du-matin","status":"publish","type":"post","link":"https:\/\/lacanquotidien.fr\/blog\/2011\/11\/baltimore-5-00-du-matin\/","title":{"rendered":"BALTIMORE, 5.00 du matin"},"content":{"rendered":"<p align=\"CENTER\"><span style=\"font-family: Calibri, sans-serif;\"><span style=\"font-size: medium;\"><strong>Superman Et Les sous-hommes <span style=\"color: #0000cc;\"><em>par Pierre-Gilles Gueguen<\/em><\/span><\/strong><\/span><\/span><\/p>\n<p align=\"CENTER\"><span style=\"font-family: Calibri, sans-serif;\"><span style=\"font-size: medium;\"><strong>(Part II)<\/strong><\/span><\/span><\/p>\n<p align=\"JUSTIFY\"><span style=\"font-family: Calibri, sans-serif;\">L\u2019<strong>imbroglio mon\u00e9taire qui nous frappe aujourd\u2019hui de plein fouet, a commenc\u00e9 aux Etats Unis par la crise dite des \u00ab\u00a0subprimes\u00a0\u00bb c\u2019est \u00e0 dire par la faillite des deux compagnies am\u00e9ricaines de cr\u00e9dit hypoth\u00e9caire aux particuliers.<\/strong> La faillite de la banque Lehman Brothers s\u2019en est suivie en 2008 avec <a href=\"http:\/\/www.lacanquotidien.fr\/blog\/wp-content\/uploads\/2011\/11\/georgesoros-thinking-temp.jpg\"><img loading=\"lazy\" decoding=\"async\" class=\"alignright size-medium wp-image-6675\" title=\"georgesoros-thinking-temp\" src=\"http:\/\/www.lacanquotidien.fr\/blog\/wp-content\/uploads\/2011\/11\/georgesoros-thinking-temp-300x225.jpg\" alt=\"\" width=\"300\" height=\"225\" srcset=\"https:\/\/lacanquotidien.fr\/blog\/wp-content\/uploads\/2011\/11\/georgesoros-thinking-temp-300x225.jpg 300w, https:\/\/lacanquotidien.fr\/blog\/wp-content\/uploads\/2011\/11\/georgesoros-thinking-temp.jpg 400w\" sizes=\"auto, (max-width: 300px) 100vw, 300px\" \/><\/a>rapidement des r\u00e9percussions sur l\u2019Euro. Le financier Georges Soros pr\u00e9disait d\u00e9j\u00e0 en ao\u00fbt 2010 que ce serait toute la zone Euro qui aurait \u00e0 en souffrir (<strong>1<\/strong>). Il bl\u00e2mait \u00e0 ce propos la politique mon\u00e9taire allemande vers laquelle Nicolas Sarkozy propose aujourd\u2019hui de \u00ab\u00a0converger\u00a0\u00bb. \u00ab\u00a0Malheureusement \u2013 \u00e9crivait-il l\u2019Allemagne ne se rend pas compte de ce qu\u2019elle fait. Tout\u00a0 ce qu\u2019elle veut c\u2019est maintenir sa comp\u00e9titivit\u00e9&#8230; En cons\u00e9quence c\u2019est l\u2019Allemagne qui d\u00e9termine objectivement les politiques financi\u00e8res et \u00e9conomiques de la zone Euro sans en \u00eatre subjectivement consciente\u00a0\u00bb et encore\u00a0: \u00ab\u00a0La crise actuelle est davantage une crise des banques qu\u2019une crise fiscale, le syst\u00e8me bancaire d\u2019Europe continentale n\u2019a jamais \u00e9t\u00e9 vraiment remis au clair apr\u00e8s le crash de 2008. Les mauvais produits financiers n\u2019ont jamais \u00e9t\u00e9 r\u00e9\u00e9valu\u00e9s \u00e0 leur valeur de march\u00e9\u00a0; on les a gard\u00e9s \u00e0 leur valeur ant\u00e9rieure.\u00a0\u00bb <\/span><\/p>\n<p align=\"JUSTIFY\"><span style=\"font-family: Calibri, sans-serif;\">Il en r\u00e9sulte que les banques sont gav\u00e9es d\u2019emprunts d\u2019\u00e9tats dont elles ne peuvent plus se d\u00e9barrasser qu\u2019\u00e0 perte. <\/span><\/p>\n<p align=\"JUSTIFY\"><span style=\"font-family: Calibri, sans-serif;\"><strong>Cette analyse date d\u00e9j\u00e0 d\u2019il y a plus d\u2019un an et nous sommes aujourd\u2019hui au c\u0153ur du probl\u00e8me.<\/strong><\/span><\/p>\n<p align=\"JUSTIFY\"><span style=\"font-family: Calibri, sans-serif;\">Il y a donc en effet une question de technique financi\u00e8re\u00a0: les \u00ab\u00a0subprimes\u00a0\u00bb, c\u2019est \u00e0 dire les valeurs boursi\u00e8res \u00e9mises par des entreprises qui pr\u00eataient sciemment sur le march\u00e9 \u00e0 des clients \u00ab\u00a0douteux\u00a0\u00bb, c\u2019est \u00e0 dire incapables pour beaucoup de rembourser, \u00e9taient ensuite incorpor\u00e9es \u00e0 des produits vendus sur le march\u00e9 financier sous la forme de \u00a0produits d\u00e9riv\u00e9s. Les produits d\u00e9riv\u00e9s, m\u00e9langes de valeurs s\u00fbres et de valeurs \u00ab\u00a0toxiques \u00bb vendues sur le march\u00e9 non pas \u00e0 leur valeur pr\u00e9sente mais en pariant sur leur valeur \u00e0 terme, ont contribu\u00e9 \u00e0 d\u00e9r\u00e9aliser ou encore \u00e0 \u00ab\u00a0virtualiser\u00a0\u00bb la finance mais aussi \u00e0 produire des \u00ab\u00a0effets de leviers\u00a0\u00bb -d\u00e9multiplication des profits. <\/span><\/p>\n<p align=\"JUSTIFY\"><span style=\"font-family: Calibri, sans-serif;\"><a href=\"http:\/\/www.lacanquotidien.fr\/blog\/wp-content\/uploads\/2011\/11\/massimo-amato-2_0-temp.jpg\"><img loading=\"lazy\" decoding=\"async\" class=\"size-medium wp-image-6677 alignleft\" title=\"massimo-amato-2_0 temp\" src=\"http:\/\/www.lacanquotidien.fr\/blog\/wp-content\/uploads\/2011\/11\/massimo-amato-2_0-temp-199x300.jpg\" alt=\"\" width=\"199\" height=\"300\" srcset=\"https:\/\/lacanquotidien.fr\/blog\/wp-content\/uploads\/2011\/11\/massimo-amato-2_0-temp-199x300.jpg 199w, https:\/\/lacanquotidien.fr\/blog\/wp-content\/uploads\/2011\/11\/massimo-amato-2_0-temp.jpg 229w\" sizes=\"auto, (max-width: 199px) 100vw, 199px\" \/><\/a>Mais, comme le faisait remarquer <strong>Massimo Amato<\/strong>, professeur \u00e0 l\u2019Universit\u00e9 Bocconi de Milan, dans son intervention au Forum de la Scuola Lacaniana di Psicoanalisi le 22 octobre dernier, la technique financi\u00e8re qui a fait l\u2019objet de l\u2019essentiel des commentaires sur la crise mon\u00e9taire (<strong>2<\/strong>), n\u2019est que secondaire. Ce dont il s\u2019agit en effet est plus profond. <strong>La crise actuelle est un effet de la technique et rel\u00e8ve de ce qu\u2019il appelle la \u00ab\u00a0m\u00e9taphysique \u00e9conomique\u00a0\u00bb.<\/strong><\/span><\/p>\n<p align=\"JUSTIFY\"><span style=\"font-family: Calibri, sans-serif;\">Le cr\u00e9dit, a en effet pour cons\u00e9quence une distorsion du temps, \u00ab\u00a0une totalisation future qui se renverse en son contraire, et prend la forme d\u2019une annulation, ou d\u2019une perte de sens.\u00a0\u00bb <strong>Tout se passe comme si le marasme cons\u00e9cutif aux \u00ab\u00a0subprimes\u00a0\u00bb n\u2019\u00e9tait en r\u00e9alit\u00e9 que l\u2019\u00e9chec d\u2019un v\u0153u, au sens o\u00f9 Freud distingue dans le d\u00e9sir du r\u00eave le v\u0153u \u2013<\/strong><em><strong>Wunsch<\/strong><\/em><strong>&#8211; et le sens inconscient.<\/strong> (cf l\u2019analyse du r\u00eave de l\u2019injection faite \u00e0 Irma).<\/span><\/p>\n<p align=\"JUSTIFY\"><span style=\"font-family: Calibri, sans-serif;\"><strong>L\u00e0 o\u00f9 les humains r\u00eavaient d\u2019une totalisation, se r\u00e9v\u00e8le un impossible \u00e0 totaliser le sens, ce que Lacan nomme le \u00ab\u00a0r\u00e9el\u00a0\u00bb.<\/strong>\u00a0 Paul Krugman, prix nobel d\u2019Economie et chroniqueur au New York Times\u00a0lui donne un nom: \u00ab\u00a0greed\u00a0\u00bb -avidit\u00e9 orale-. <a href=\"http:\/\/www.lepoint.fr\/grands-entretiens\/jacques-alain-miller-les-propheties-de-lacan-18-08-2011-1366568_326.php\"><strong>Jacques-Alain Miller<\/strong> quant \u00e0 lui, avait rappel\u00e9 plus justement dans un article du Point<\/a> que la psychanalyse a de longtemps \u00e9tabli le lien entre l\u2019argent et l\u2019anal et que c\u2019est ce semblant l\u00e0 qui a \u00e9t\u00e9 touch\u00e9, et en juillet dernier il signalait <span style=\"color: #101010;\">qu\u2019\u00a0\u00ab\u00a0<\/span><span style=\"color: #0000cc;\"><strong>on n&rsquo;est plus au temps de l&rsquo;\u00e9talon-or.<\/strong><\/span><span style=\"color: #0000cc;\"><strong>Le dollar, monnaie de r\u00e9serve, n&rsquo;est gu\u00e8re plus solide que le Nom-du-P\u00e8re. Il y a grand d\u00e9sordre dans le signifiant !<\/strong><\/span><span style=\"color: #101010;\"> affirmait-il. <\/span><span style=\"color: #0000cc;\"><strong>Le signe mon\u00e9taire est en cavale, il a sa logique propre, que personne ne ma\u00eetrise, avec les effets psychiques qui s&rsquo;ensuivent : agitation, affolement, angoisse. C&rsquo;est une affaire d&rsquo;\u00e9criture, car tout est chiffre, mais surtout de parole. Comme plus rien n&rsquo;est fixe, n\u00e9gocier un accord, un \u00ab\u00a0deal\u00a0\u00bb, exige une conversation permanente<\/strong><\/span><span style=\"color: #101010;\">\u00a0(<\/span><span style=\"color: #101010;\"><strong>3<\/strong><\/span><span style=\"color: #101010;\">)\u00bb.<\/span><\/span><\/p>\n<p align=\"JUSTIFY\"><span style=\"font-family: Calibri, sans-serif;\"><strong>Selon le professeur Amato il faut<\/strong> <strong>s\u2019attacher \u00e0 la lettre du signifiant subprime<\/strong>. \u00ab\u00a0Prime\u00a0\u00bb est le qualificatif qui s\u2019applique aux d\u00e9biteurs susceptibles de payer leur dette, \u00ab\u00a0sub-prime\u00a0\u00bb vaut pour ceux qui sont douteux. Les financiers voulaient faire croire que le march\u00e9 serait apte \u00e0 effacer toute distinction entre prime et subprime. C\u2019e\u00fbt \u00e9t\u00e9 la performance positive de la finance\u00a0: l\u2019omnipotence \u00ab\u00a0pour tous\u00a0\u00bb. Ils ont vendu du r\u00eave en se trompant eux-m\u00eames. \u00ab\u00a0D\u00e9biteurs et cr\u00e9diteurs \u00e9taient traditionnellement oppos\u00e9s et li\u00e9s par un n\u0153ud qui les obligeaient \u00e0 collaborer\u00a0; ils auraient alors (avec les subprimes) r\u00e9ussi \u00e0 se transformer en alli\u00e9s (du m\u00eame c\u00f4t\u00e9 de la barricade) mais sans plus aucun lien entre eux\u00a0\u00bb. Et ainsi, ces financiers id\u00e9ologues ont-ils touch\u00e9 \u00e0 une racine du symbolique en tant qu\u2019il s\u2019agit d\u2019un lien social qui oblige mais qui ne vaut pas \u00ab\u00a0pour tous\u00a0\u00bb.<\/span><\/p>\n<p align=\"JUSTIFY\"><span style=\"font-family: Calibri, sans-serif;\">Les march\u00e9s financiers sont devenus, sous la banni\u00e8re d\u2019une suppos\u00e9e \u00ab\u00a0d\u00e9mocratisation de la finance\u00a0\u00bb, les vecteurs d\u2019un acc\u00e8s utopique inconditionnel de tous au cr\u00e9dit, au point de figurer l\u2019alpha et l\u2019omega de la \u00ab\u00a0politique sociale\u00a0\u00bb du gouvernement Bush.<\/span><\/p>\n<p align=\"JUSTIFY\"><span style=\"font-family: Calibri, sans-serif;\">C\u2019est le dogme selon lequel \u00ab\u00a0l\u2019acc\u00e8s au cr\u00e9dit rend libre\u00a0\u00bb qui a pr\u00e9valu, dogme qui veut effacer l\u2019in\u00e9galit\u00e9 devant le besoin et plus profond\u00e9ment cherche \u00e0 effacer la culpabilit\u00e9 qui nait devant l\u2019injustice fondamentale li\u00e9e \u00e0 la condition humaine. Cette dimension d\u2019\u00e9galitarisme est particuli\u00e8rement sensible dans la culture am\u00e9ricaine. On en trouve encore les traces dans la philosophie politique de John Rawls et elle impr\u00e8gne toute la soci\u00e9t\u00e9. <\/span><\/p>\n<p align=\"JUSTIFY\"><span style=\"font-family: Calibri, sans-serif;\"><strong>A la fin du \u00ab\u00a0Malaise dans la civilisation\u00a0\u00bb, Freud \u00e9voque le sentiment de culpabilit\u00e9 inconscient comme indissolublement li\u00e9 \u00e0 l\u2019\u00e9volution du lien social<\/strong>\u00a0: \u00ab\u00a0comme la civilisation ob\u00e9it \u00e0 une pouss\u00e9e \u00e9rotique interne visant \u00e0 unir les hommes en une masse maintenue par des liens serr\u00e9s, elle ne peut y parvenir que par un seul moyen, en renfor\u00e7ant toujours davantage le sentiment de culpabilit\u00e9. Ce qui commen\u00e7a par le p\u00e8re s\u2019ach\u00e8ve par la masse.\u00a0(<strong>4<\/strong>)\u00bb<\/span><\/p>\n<p align=\"JUSTIFY\">\u00a0<span style=\"font-family: Calibri, sans-serif;\"><strong>A vouloir d\u00e9nier cette culpabilit\u00e9, on cr\u00e9e des catastrophes.<\/strong> Tous les semblants ne se valent pas. Les b\u00e9n\u00e9ficiaires des <em>sub-primes<\/em> d\u2019hier, produits financiers inconsid\u00e9r\u00e9ment mis sur le march\u00e9 par les supermen de la finance, pourraient bien devenir les <em>sous-hommes<\/em> de demain, victimes de ce que les am\u00e9ricains nomment \u00ab\u00a0forclosures\u00a0\u00bb, c\u2019est \u00e0 dire les ventes sur saisie de l\u2019embl\u00e8me du r\u00eave am\u00e9ricain\u00a0: la maison de famille.<\/span><\/p>\n<p align=\"JUSTIFY\"><span style=\"font-family: Calibri, sans-serif;\"><strong>Le discours psychanalytique lutte contre la massification\u00a0; il lutte contre le r\u00eave que v\u00e9hiculent les produits de consommation, aussi sophistiqu\u00e9s soient-ils. Au-del\u00e0 des \u00ab\u00a0\u00e9l\u00e9ments de langage\u00a0\u00bb, il nous avertit de ce qu\u2019on rencontre toujours l\u2019impossible\u00a0: soit le r\u00e9el. Les reconfigurations du symbolique sont partout pr\u00e9sentes dans notre \u00e9poque. L\u2019\u00e9conomie, n\u2019y \u00e9chappe pas. En ceci appara\u00eet sa nature de semblant, de fiction r\u00e9gulatrice, qui doit nouer symbolique et imaginaire pour produire des effets r\u00e9els.<\/strong><\/span><\/p>\n<p align=\"JUSTIFY\"><span style=\"font-family: Calibri, sans-serif;\"><span style=\"text-decoration: underline;\"><strong><a href=\"http:\/\/www.lacanquotidien.fr\/blog\/2011\/10\/baltimore-5-heures-du-matin\/\">Lien vers la premi\u00e8re partie<\/a><\/strong><\/span><\/span><\/p>\n<p align=\"JUSTIFY\">\u00a0<span style=\"font-family: Calibri, sans-serif;\"><strong>Publi\u00e9 dans le N\u00b079 de Lacan Quotidien <\/strong><\/span><\/p>\n<p lang=\"en-US\" align=\"JUSTIFY\"><span style=\"font-family: Calibri, sans-serif;\">(<strong>1<\/strong>) New York Review of books, August 19 2010, Soros G., The Euro and the Crisis<\/span><\/p>\n<p align=\"JUSTIFY\"><span style=\"font-family: Calibri, sans-serif;\">(<strong>2<\/strong>) Das, S. ,Traders Guns and Money, Knowns and unknowns itn the dazzling world of derivatives. Prentice Hall 2010.<\/span><\/p>\n<p align=\"JUSTIFY\"><span style=\"font-family: Calibri, sans-serif;\">(<strong>3<\/strong>) Miller, J-A , Les proph\u00e9ties de Lacan, Le point du 08\/08\u00a0\/11.<\/span><\/p>\n<p align=\"JUSTIFY\"><span style=\"font-family: Calibri, sans-serif;\">(<strong>4<\/strong>) Freud, S\u00a0; Malaise dans la civilisation, PUF, Paris 1971, p. 91\u00a0<\/span><\/p>\n","protected":false},"excerpt":{"rendered":"<p align=\"CENTER\">Superman Et Les sous-hommes par Pierre-Gilles Gueguen<\/p>\n<p align=\"CENTER\">(Part II)<\/p>\n<p align=\"JUSTIFY\">L\u2019imbroglio mon\u00e9taire qui nous frappe aujourd\u2019hui de plein fouet, a commenc\u00e9 aux Etats Unis par la crise dite des \u00ab\u00a0subprimes\u00a0\u00bb c\u2019est \u00e0 dire par la faillite des deux compagnies am\u00e9ricaines de cr\u00e9dit hypoth\u00e9caire aux particuliers. La faillite de la banque Lehman Brothers s\u2019en [&#8230;]<\/p>\n","protected":false},"author":9,"featured_media":4896,"comment_status":"closed","ping_status":"closed","sticky":false,"template":"","format":"standard","meta":{"_monsterinsights_skip_tracking":false,"_monsterinsights_sitenote_active":false,"_monsterinsights_sitenote_note":"","_monsterinsights_sitenote_category":0,"footnotes":""},"categories":[19],"tags":[802,215,801,800,600,799],"class_list":["post-4895","post","type-post","status-publish","format-standard","has-post-thumbnail","hentry","category-chroniques","tag-georges-soros","tag-malaise-dans-la-civilisation","tag-massimo-amato","tag-paul-krugman","tag-pierre-gilles-gueguen","tag-subprime"],"_links":{"self":[{"href":"https:\/\/lacanquotidien.fr\/blog\/wp-json\/wp\/v2\/posts\/4895","targetHints":{"allow":["GET"]}}],"collection":[{"href":"https:\/\/lacanquotidien.fr\/blog\/wp-json\/wp\/v2\/posts"}],"about":[{"href":"https:\/\/lacanquotidien.fr\/blog\/wp-json\/wp\/v2\/types\/post"}],"author":[{"embeddable":true,"href":"https:\/\/lacanquotidien.fr\/blog\/wp-json\/wp\/v2\/users\/9"}],"replies":[{"embeddable":true,"href":"https:\/\/lacanquotidien.fr\/blog\/wp-json\/wp\/v2\/comments?post=4895"}],"version-history":[{"count":5,"href":"https:\/\/lacanquotidien.fr\/blog\/wp-json\/wp\/v2\/posts\/4895\/revisions"}],"predecessor-version":[{"id":6676,"href":"https:\/\/lacanquotidien.fr\/blog\/wp-json\/wp\/v2\/posts\/4895\/revisions\/6676"}],"wp:featuredmedia":[{"embeddable":true,"href":"https:\/\/lacanquotidien.fr\/blog\/wp-json\/wp\/v2\/media\/4896"}],"wp:attachment":[{"href":"https:\/\/lacanquotidien.fr\/blog\/wp-json\/wp\/v2\/media?parent=4895"}],"wp:term":[{"taxonomy":"category","embeddable":true,"href":"https:\/\/lacanquotidien.fr\/blog\/wp-json\/wp\/v2\/categories?post=4895"},{"taxonomy":"post_tag","embeddable":true,"href":"https:\/\/lacanquotidien.fr\/blog\/wp-json\/wp\/v2\/tags?post=4895"}],"curies":[{"name":"wp","href":"https:\/\/api.w.org\/{rel}","templated":true}]}}