{"id":4913,"date":"2011-11-05T17:23:30","date_gmt":"2011-11-05T16:23:30","guid":{"rendered":"http:\/\/www.lacanquotidien.fr\/blog\/?p=4913"},"modified":"2011-11-16T19:50:26","modified_gmt":"2011-11-16T18:50:26","slug":"questions-de-vie-ou-de-mort","status":"publish","type":"post","link":"https:\/\/lacanquotidien.fr\/blog\/2011\/11\/questions-de-vie-ou-de-mort\/","title":{"rendered":"QUESTIONS DE VIE OU DE MORT"},"content":{"rendered":"<p style=\"text-align: center;\" align=\"JUSTIFY\"><strong style=\"font-family: Calibri, sans-serif; font-size: medium;\">La m\u00e9moire absolue de l&rsquo;al\u00e9thosph\u00e8re <span style=\"color: #0000cc;\"><em>par Rodolphe Adam<\/em><\/span><\/strong><\/p>\n<p align=\"JUSTIFY\"><span style=\"font-family: Calibri, sans-serif;\"><span style=\"font-size: small;\">Max Schrems, jeune autrichien de 24 ans, a eu l\u2019\u00e9tonnante id\u00e9e de vouloir r\u00e9cup\u00e9rer l\u2019ensemble des informations qu\u2019il avait pu laisser sur le r\u00e9seau social Facebook. <!--more-->Souci de la n\u00e9vrose obsessionnelle en qu\u00eate d\u2019effacer ses traces ou souci d\u2019un sujet qui s\u2019inqui\u00e8te de l\u2019utilisation de son intimit\u00e9, le r\u00e9sultat fut spectaculaire\u00a0: il parvint \u00e0 se procurer un dossier de 1222 pages (!) o\u00f9 existaient toutes ses informations, celles qu\u2019il croyait avoir pourtant supprim\u00e9es, et m\u00eame certaines qu\u2019il n\u2019avait jamais communiqu\u00e9es. Son enqu\u00eate (consultable sur <a href=\"http:\/\/europe-v-facebook.org\/\">http:\/europe-v-facebook.org<\/a>) aupr\u00e8s du si\u00e8ge europ\u00e9en du r\u00e9seau bas\u00e9 en Irlande, sur les diverses l\u00e9gislations aux USA et en Europe sur la protection de la vie priv\u00e9e, l\u2019am\u00e8ne \u00e0 constater que Facebook archive tous les liens entre internautes, le nom de ceux qui ont \u00e9t\u00e9 refus\u00e9 comme amis, l\u2019identit\u00e9 des ordinateurs personnels ou professionnels o\u00f9 le r\u00e9seau est consult\u00e9, par qui et liste m\u00eame les non-membres de Facebook\u00a0! <\/span><\/span><\/p>\n<p align=\"JUSTIFY\"><span style=\"font-family: Calibri, sans-serif;\"><span style=\"font-size: small;\">Rappelons pour la petite histoire que Facebook, r\u00e9seau social de 800 millions de membres dans le monde &#8211; parions qu\u2019\u00e0 ce rythme, il deviendra vite difficile de ne pas vouloir en \u00eatre \u2013 est une simple cons\u00e9quence de l\u2019inexistence du rapport sexuel. En effet, le jeune Mark Zuckerberg ne supportant pas le refus d\u2019une jeune \u00e9tudiante d\u2019aller plus loin dans leur rencontre, se mis alors en t\u00eate de se venger en cr\u00e9ant le premier site de consultation en ligne de profils de toutes les \u00e9tudiantes de son universit\u00e9. D\u2019une femme singuli\u00e8re qu\u2019il n\u2019a put bibliquement conna\u00eetre, le petit Mark, au lieu d\u2019aller consulter un psychanalyste, inventa une nouvelle modalit\u00e9 du <em>\u00e0-voir toutes les femmes<\/em>. <\/span><\/span><\/p>\n<p align=\"JUSTIFY\"><span style=\"font-family: Calibri, sans-serif;\"><span style=\"font-size: small;\">Mais la d\u00e9couverte la plus stup\u00e9fiante de Max Schrems qui am\u00e8ne cet \u00e9tudiant en droit \u00e0 porter vingt-deux plaintes aupr\u00e8s du commissaire irlandais de la Protection des donn\u00e9es, est que la fonction \u00ab\u00a0supprimer\u00a0\u00bb sur Facebook n\u2019est effective qu\u2019en apparence. Pour les yeux des internautes certes mais pas pour Facebook\u00a0qui conserve tout. Une trace ne cesse jamais d\u2019y \u00eatre \u00e9crite. A l\u2019\u00e8re de l\u2019\u0153il absolu, apr\u00e8s les lathouses qui, tel le nouvel iphone 4, sugg\u00e8rent comment vous devez \u00e9crire (Pierre Streliski, LQ 66), apr\u00e8s celles qui promeuvent le bonheur sexuel via la jouissance de l\u2019Un (Anna\u00eblle Leibowitz-Quenehen, LQ 69), nous assistons cette fois \u00e0 une autre particularit\u00e9 de ce nouveau support de l\u2019al\u00e8thosph\u00e8re qu\u2019est Internet. Non plus uniquement champ d\u2019ondes o\u00f9 sont enregistr\u00e9s les signifiants sur toute la plan\u00e8te comme le disait Lacan dans <em>L\u2019envers de la psychanalyse<\/em>, mais m\u00e9moire num\u00e9rique absolue de tous les dits, faits et gestes de chacun. En 1925, Freud \u00e9crivait dans sa <em>Note sur le \u00ab\u00a0bloc-notes magique\u00a0\u00bb<\/em> : \u00ab\u00a0Ainsi, capacit\u00e9 r\u00e9ceptrice illimit\u00e9e et conservation de traces durables semblent s&rsquo;exclure mutuellement dans les dispositifs par lesquels nous rempla\u00e7ons notre m\u00e9moire : ou bien la surface r\u00e9ceptrice doit \u00eatre renouvel\u00e9e ou bien les notes d\u00e9truites\u00a0\u00bb. Facebook a r\u00e9gl\u00e9 le probl\u00e8me : plus rien ne s\u2019efface. Plus de droit \u00e0 l\u2019oubli, donc. Que chacun s\u2019en souvienne&#8230; <\/span><\/span><\/p>\n<p align=\"JUSTIFY\"><span style=\"font-family: Calibri, sans-serif;\"><span style=\"font-size: small;\"><strong>Publi\u00e9 dans le N\u00b080 de Lacan Quotidien<\/strong><\/span><\/span><\/p>\n","protected":false},"excerpt":{"rendered":"<p style=\"text-align: center;\" align=\"JUSTIFY\">La m\u00e9moire absolue de l&rsquo;al\u00e9thosph\u00e8re par Rodolphe Adam<\/p>\n<p align=\"JUSTIFY\">Max Schrems, jeune autrichien de 24 ans, a eu l\u2019\u00e9tonnante id\u00e9e de vouloir r\u00e9cup\u00e9rer l\u2019ensemble des informations qu\u2019il avait pu laisser sur le r\u00e9seau social Facebook. <\/p>\n","protected":false},"author":9,"featured_media":4924,"comment_status":"closed","ping_status":"closed","sticky":false,"template":"","format":"standard","meta":{"_monsterinsights_skip_tracking":false,"_monsterinsights_sitenote_active":false,"_monsterinsights_sitenote_note":"","_monsterinsights_sitenote_category":0,"footnotes":""},"categories":[19],"tags":[813,814,816,812,815],"class_list":["post-4913","post","type-post","status-publish","format-standard","has-post-thumbnail","hentry","category-chroniques","tag-facebook","tag-max-schrems","tag-oubli","tag-rodolphe-adam","tag-trace"],"_links":{"self":[{"href":"https:\/\/lacanquotidien.fr\/blog\/wp-json\/wp\/v2\/posts\/4913","targetHints":{"allow":["GET"]}}],"collection":[{"href":"https:\/\/lacanquotidien.fr\/blog\/wp-json\/wp\/v2\/posts"}],"about":[{"href":"https:\/\/lacanquotidien.fr\/blog\/wp-json\/wp\/v2\/types\/post"}],"author":[{"embeddable":true,"href":"https:\/\/lacanquotidien.fr\/blog\/wp-json\/wp\/v2\/users\/9"}],"replies":[{"embeddable":true,"href":"https:\/\/lacanquotidien.fr\/blog\/wp-json\/wp\/v2\/comments?post=4913"}],"version-history":[{"count":6,"href":"https:\/\/lacanquotidien.fr\/blog\/wp-json\/wp\/v2\/posts\/4913\/revisions"}],"predecessor-version":[{"id":4923,"href":"https:\/\/lacanquotidien.fr\/blog\/wp-json\/wp\/v2\/posts\/4913\/revisions\/4923"}],"wp:featuredmedia":[{"embeddable":true,"href":"https:\/\/lacanquotidien.fr\/blog\/wp-json\/wp\/v2\/media\/4924"}],"wp:attachment":[{"href":"https:\/\/lacanquotidien.fr\/blog\/wp-json\/wp\/v2\/media?parent=4913"}],"wp:term":[{"taxonomy":"category","embeddable":true,"href":"https:\/\/lacanquotidien.fr\/blog\/wp-json\/wp\/v2\/categories?post=4913"},{"taxonomy":"post_tag","embeddable":true,"href":"https:\/\/lacanquotidien.fr\/blog\/wp-json\/wp\/v2\/tags?post=4913"}],"curies":[{"name":"wp","href":"https:\/\/api.w.org\/{rel}","templated":true}]}}