{"id":4993,"date":"2011-11-17T09:51:08","date_gmt":"2011-11-17T08:51:08","guid":{"rendered":"http:\/\/www.lacanquotidien.fr\/blog\/2011\/11\/petite-revue-de-presse-sur-la-liberation-de-rafah-nached-par-herve-damase-le-monde-liberation-le-figaro\/"},"modified":"2011-11-17T18:23:22","modified_gmt":"2011-11-17T17:23:22","slug":"petite-revue-de-presse-sur-la-liberation-de-rafah-nached-par-herve-damase-le-monde-liberation-le-figaro","status":"publish","type":"post","link":"https:\/\/lacanquotidien.fr\/blog\/2011\/11\/petite-revue-de-presse-sur-la-liberation-de-rafah-nached-par-herve-damase-le-monde-liberation-le-figaro\/","title":{"rendered":"LIBERATION de RAFAH NACHED"},"content":{"rendered":"<p><strong>Petite revue de Presse\u00a0\u00a0par Herv\u00e9 Damase<\/strong><\/p>\n<p><strong>&#8211; Le Monde &#8211; Lib\u00e9ration &#8211; Le Figaro- La R\u00e8gle du jeu<!--more--><\/strong><\/p>\n<p><strong>La psychanalyste Rafah Nached lib\u00e9r\u00e9e par les autorit\u00e9s syriennes<br \/>\nLEMONDE.FR<\/strong> Avec <strong>AFP <\/strong>| 17.11.11<\/p>\n<p><strong>Extrait\u00a0<\/strong>: Rafah Nached, la psychanalyste syrienne de renom emprisonn\u00e9e depuis le mois de septembre, a \u00e9t\u00e9 lib\u00e9r\u00e9e mercredi soir par les autorit\u00e9s syriennes, indique sa famille vivant en France.<\/p>\n<p><strong><a href=\"http:\/\/www.lemonde.fr\/proche-orient\/article\/2011\/11\/17\/la-psychanalyste-rafah-nached-liberee-par-les-autorites-syriennes_1604810_3218.html\">Lien vers l\u2019article<\/a><a href=\"http:\/\/www.lacanquotidien.fr\/blog\/wp-content\/uploads\/2011\/11\/20111117-0953132.jpg\"><img loading=\"lazy\" decoding=\"async\" class=\"alignright size-thumbnail wp-image-4996\" title=\"20111117-095313.jpg\" src=\"http:\/\/www.lacanquotidien.fr\/blog\/wp-content\/uploads\/2011\/11\/20111117-0953132-150x150.jpg\" alt=\"\" width=\"150\" height=\"150\" \/><\/a><\/strong><\/p>\n<p>\u2022\u2022\u2022\u2022\u2022\u2022\u2022\u2022\u2022\u2022\u2022\u2022\u2022\u2022\u2022\u2022\u2022\u2022\u2022\u2022\u2022\u2022\u2022\u2022\u2022\u2022\u2022\u2022\u2022\u2022\u2022\u2022\u2022\u2022\u2022\u2022\u2022\u2022\u2022\u2022\u2022\u2022\u2022\u2022\u2022\u2022\u2022\u2022\u2022\u2022\u2022<\/p>\n<p><strong>LIBERATION<\/strong><br \/>\n<strong>Syrie: la psychanalyste Rafah Nached a \u00e9t\u00e9 lib\u00e9r\u00e9e<\/strong><br \/>\n<!--[if !supportLineBreakNewLine]--><br \/>\n<!--[endif]--><strong><\/strong><\/p>\n<p><strong>Extrait\u00a0:<\/strong> Apr\u00e8s plus de deux mois de d\u00e9tention, elle a finalement pu sortir de prison sous caution, avec 1 179 autres d\u00e9tenus.<br \/>\n<strong><a href=\"http:\/\/www.liberation.fr\/monde\/01012372067-syrie-la-psychanalyste-rafah-nached-a-ete-liberee\">Lien vers l\u2019article<\/a><\/strong><\/p>\n<p>\u2022\u2022\u2022\u2022\u2022\u2022\u2022\u2022\u2022\u2022\u2022\u2022\u2022\u2022\u2022\u2022\u2022\u2022\u2022\u2022\u2022\u2022\u2022\u2022\u2022\u2022\u2022\u2022\u2022\u2022\u2022\u2022\u2022\u2022\u2022\u2022\u2022\u2022\u2022\u2022\u2022\u2022\u2022\u2022\u2022\u2022\u2022\u2022\u2022\u2022\u2022<\/p>\n<p><strong>LE FIGARO<\/strong><strong><br \/>\n<strong>Syrie: la psychanalyste Nached lib\u00e9r\u00e9e<\/strong><\/strong><br \/>\nAFP Publi\u00e9 le 17\/11\/2011 \u00e0 07:19<\/p>\n<p><strong>Extrait\u00a0<\/strong>: La psychanalyste syrienne de renom Rafah Nached, en prison depuis le 10 septembre, a \u00e9t\u00e9 lib\u00e9r\u00e9e par les autorit\u00e9s syriennes, a-t-on appris hier de source proche de son entourage en France.<\/p>\n<p><strong><a href=\"http:\/\/www.lefigaro.fr\/flash-actu\/2011\/11\/17\/97001-20111117FILWWW00378-syrie-la-psychanalyste-nached-liberee.php\">Lien vers l&rsquo;article<\/a><\/strong><\/p>\n<p>\u2022\u2022\u2022\u2022\u2022\u2022\u2022\u2022\u2022\u2022\u2022\u2022\u2022\u2022\u2022\u2022\u2022\u2022\u2022\u2022\u2022\u2022\u2022\u2022\u2022\u2022\u2022\u2022\u2022\u2022\u2022\u2022\u2022\u2022\u2022\u2022\u2022\u2022\u2022\u2022\u2022\u2022\u2022\u2022\u2022\u2022\u2022\u2022\u2022\u2022<\/p>\n<p><strong>La R\u00e8gle du jeu :\u00a0<\/strong><\/p>\n<h2><span style=\"color: #000000;\"><span style=\"font-family: 'Times New Roman', serif;\"><span style=\"font-size: medium;\"><strong>Syrie : Rafah Nached enfin lib\u00e9r\u00e9e !<\/strong><\/span><\/span><\/span><\/h2>\n<h2><\/h2>\n<p><a href=\"http:\/\/laregledujeu.org\/2011\/11\/17\/7805\/syrie-rafah-nached-enfin-liberee\/\"><strong><\/strong>Lien vers l&rsquo;article<\/a><\/p>\n","protected":false},"excerpt":{"rendered":"<p>Petite revue de Presse\u00a0\u00a0par Herv\u00e9 Damase<\/p>\n<p>&#8211; Le Monde &#8211; Lib\u00e9ration &#8211; Le Figaro- La R\u00e8gle du jeu<\/p>\n","protected":false},"author":9,"featured_media":5077,"comment_status":"closed","ping_status":"closed","sticky":false,"template":"","format":"standard","meta":{"_monsterinsights_skip_tracking":false,"_monsterinsights_sitenote_active":false,"_monsterinsights_sitenote_note":"","_monsterinsights_sitenote_category":0,"footnotes":""},"categories":[75,231],"tags":[],"class_list":["post-4993","post","type-post","status-publish","format-standard","has-post-thumbnail","hentry","category-pressefrance","category-rafah"],"_links":{"self":[{"href":"https:\/\/lacanquotidien.fr\/blog\/wp-json\/wp\/v2\/posts\/4993","targetHints":{"allow":["GET"]}}],"collection":[{"href":"https:\/\/lacanquotidien.fr\/blog\/wp-json\/wp\/v2\/posts"}],"about":[{"href":"https:\/\/lacanquotidien.fr\/blog\/wp-json\/wp\/v2\/types\/post"}],"author":[{"embeddable":true,"href":"https:\/\/lacanquotidien.fr\/blog\/wp-json\/wp\/v2\/users\/9"}],"replies":[{"embeddable":true,"href":"https:\/\/lacanquotidien.fr\/blog\/wp-json\/wp\/v2\/comments?post=4993"}],"version-history":[{"count":13,"href":"https:\/\/lacanquotidien.fr\/blog\/wp-json\/wp\/v2\/posts\/4993\/revisions"}],"predecessor-version":[{"id":5016,"href":"https:\/\/lacanquotidien.fr\/blog\/wp-json\/wp\/v2\/posts\/4993\/revisions\/5016"}],"wp:featuredmedia":[{"embeddable":true,"href":"https:\/\/lacanquotidien.fr\/blog\/wp-json\/wp\/v2\/media\/5077"}],"wp:attachment":[{"href":"https:\/\/lacanquotidien.fr\/blog\/wp-json\/wp\/v2\/media?parent=4993"}],"wp:term":[{"taxonomy":"category","embeddable":true,"href":"https:\/\/lacanquotidien.fr\/blog\/wp-json\/wp\/v2\/categories?post=4993"},{"taxonomy":"post_tag","embeddable":true,"href":"https:\/\/lacanquotidien.fr\/blog\/wp-json\/wp\/v2\/tags?post=4993"}],"curies":[{"name":"wp","href":"https:\/\/api.w.org\/{rel}","templated":true}]}}