{"id":5003,"date":"2011-11-17T10:44:49","date_gmt":"2011-11-17T09:44:49","guid":{"rendered":"http:\/\/www.lacanquotidien.fr\/blog\/2011\/11\/pierre-assouline-et-la-chroniqueuse-judiciaire-du-monde-ont-deja-rendu-compte-de-l%e2%80%99audience\/"},"modified":"2011-11-18T00:32:00","modified_gmt":"2011-11-17T23:32:00","slug":"pierre-assouline-et-la-chroniqueuse-judiciaire-du-monde-ont-deja-rendu-compte-de-l%e2%80%99audience","status":"publish","type":"post","link":"https:\/\/lacanquotidien.fr\/blog\/2011\/11\/pierre-assouline-et-la-chroniqueuse-judiciaire-du-monde-ont-deja-rendu-compte-de-l%e2%80%99audience\/","title":{"rendered":"Pierre Assouline, J\u00e9r\u00f4me Dupuis de l&rsquo;Express, Eric Aeschimann du Nouvel Obs. et la chroniqueuse judiciaire du Monde ont d\u00e9j\u00e0 rendu compte de l\u2019audience."},"content":{"rendered":"<p style=\"text-align: justify;\">LA REPUBLIQUE DES LIVRES -L&rsquo;EXPRESS &#8211; LE MONDE &#8211; LE NOUVEL OBSERVATEUR <!--more--><\/p>\n<p style=\"text-align: justify;\">\n<p style=\"text-align: justify;\"><span style=\"color: #0000ff;\">\u2022LA R\u00c9PUBLIQUE DES LIVRES<\/span><\/p>\n<p style=\"text-align: justify;\">Lien vers chronique de Pierre Assouline : \u00ab <span style=\"color: #0000ff;\">Mort et r\u00e9surrection de Jacques Lacan au tribunal<\/span> \u00bb. Voir ci-dessous :<\/p>\n<p style=\"text-align: justify;\" align=\"center\"><a href=\"http:\/\/Cliquez_ici\">http:\/\/passouline.blog.lemonde.fr\/<\/a><\/p>\n<p style=\"text-align: justify;\">\u201cOn s\u2019est battus pour quatre mots cet apr\u00e8s-midi \u00e0 Paris. Verbalement, s\u2019entend, mais cela suffit \u00e0 susciter m\u00e9taphoriquement des coups et des blessures. Cela s\u2019est pass\u00e9 tout \u00e0 l\u2019heure devant la 17\u00e8me chambre du Tribunal de grande instance. Deux t\u00e9nors face \u00e0 face : un ancien b\u00e2tonnier face \u00e0 un ancien Garde des sceaux. Une salle bond\u00e9e qui semble divis\u00e9e en deux groupes antagonistes bien distincts : \u00e0 gauche les milleristes canal historique, \u00e0 droite les roudinesciens, chacun derri\u00e8re son champion. Une trav\u00e9e les s\u00e9pare, \u00e0 d\u00e9faut d\u2019un cordon de gendarmerie prot\u00e9g\u00e9 par des gilets pare-balles. A moins que cette distinction ne soit illusoire tant sont venus en nombre les premiers, psychanalystes de la Cause freudienne et du Diable probablement, que la seconde appelle sans affection manifeste \u00ab la garde rouge \u00bb de Jacques-Alain Miller, actuellement en conflit avec son \u00e9diteur pour la publication des S\u00e9minaires de son beau-p\u00e8re dont il est l&rsquo;ex\u00e9cuteur testamentaire, avec le Seuil par cons\u00e9quent dont le Pdg Olivier B\u00e9tourn\u00e9 se trouve \u00eatre \u00e9galement l&rsquo;\u00e9diteur d&rsquo;Elisabeth Roudinesco dont il partage la vie (vous suivez ?). Certains psys consacrent tellement de temps \u00e0 se d\u00e9chirer, s\u2019affronter et s\u2019exclure qu\u2019on en vient \u00e0 se demander o\u00f9 ils trouvent encore le temps de s\u2019occuper de leurs patients. Judith Miller, fille du docteur Lacan et \u00e9pouse de Jacques-Alain Miller, pr\u00e9sent dans la salle mais parmi le public (il n\u2019a pas \u00e9t\u00e9 associ\u00e9 \u00e0 l\u2019action), assigne donc en diffamation Elisabeth Roudinesco pour avoir \u00e9crit \u00e0 la page 175 de Lacan, envers et contre tout (Seuil, 2011), ceci : (&#8230;)\u201d<strong><br \/>\n<\/strong><br \/>\n\u2022\u2022\u2022\u2022\u2022\u2022\u2022\u2022\u2022\u2022\u2022\u2022\u2022\u2022\u2022\u2022\u2022\u2022\u2022\u2022\u2022\u2022\u2022\u2022\u2022\u2022\u2022\u2022\u2022\u2022\u2022\u2022\u2022\u2022\u2022\u2022\u2022\u2022\u2022\u2022\u2022\u2022\u2022\u2022\u2022\u2022\u2022\u2022\u2022\u2022<\/p>\n<p style=\"text-align: justify;\"><span style=\"color: #0000ff;\">L&rsquo;EXPRESS<\/span> : \u00ab\u00a0<span style=\"color: #0000ff;\">Proc\u00e8s Lacan, querelle de chapelles<\/span>\u00a0\u00bb Par J\u00e9r\u00f4me Dupuis :<\/p>\n<p style=\"text-align: justify;\"><a href=\"http:\/\/Cliquez_ici\">http:\/\/www.lexpress.fr\/culture\/livre\/proces-lacan-querelle-de-chapelles_1052059.html<\/a><\/p>\n<p style=\"text-align: justify;\">17\/11\/2011 \u00e0 10:30<\/p>\n<p style=\"text-align: justify;\">\u00ab\u00a0La fille du c\u00e9l\u00e8bre psychanalyste attaquait pour diffamation la biographe de son p\u00e8re, Elisabeth Roudinesco. Une audience hautement n\u00e9vrotique. (&#8230;)\u00a0\u00bb<br \/>\n\u2022\u2022\u2022\u2022\u2022\u2022\u2022\u2022\u2022\u2022\u2022\u2022\u2022\u2022\u2022\u2022\u2022\u2022\u2022\u2022\u2022\u2022\u2022\u2022\u2022\u2022\u2022\u2022\u2022\u2022\u2022\u2022\u2022\u2022\u2022\u2022\u2022\u2022\u2022\u2022\u2022\u2022\u2022\u2022\u2022\u2022\u2022\u2022\u2022\u2022\u2022<\/p>\n<p style=\"text-align: justify;\">\n<span style=\"color: #0000ff;\">LE MONDE.fr<\/span> : \u00ab <span style=\"color: #0000ff;\">Lacan, l&rsquo;\u00c9glise et l&rsquo;imparfait du subjonctif<\/span> \u00bb<\/p>\n<p style=\"text-align: justify;\"><a href=\"http:\/\/Cliquez_ici\">http:\/\/prdchroniques.blog.lemonde.fr\/2011\/11\/17\/lacan-leglise-et-limparfait-du-subjonctif\/ <\/a><\/p>\n<p style=\"text-align: justify;\">\n\u201cA les observer, l\u2019une v\u00eatue de noir, visage cadenass\u00e9, lame \u00e9chapp\u00e9e d\u2019un atelier de Giacometti, l\u2019autre virevoltante et passionn\u00e9e, dardant des regards inquiets sur le public, on se disait qu\u2019il y avait l\u00e0, entre ces deux femmes, une tension \u2013 rage, m\u00e9pris et r\u00e9pulsion m\u00eal\u00e9s \u2013 qui valait celle dont s\u2019enveloppe, d\u2019ordinaire, l\u2019\u00e9vocation d\u2019un crime en cour d\u2019assises.<\/p>\n<p style=\"text-align: justify;\">Le \u00ab crime \u00bb se niche dans une phrase \u00e0 l\u2019imparfait du subjonctif reproch\u00e9e par Judith Miller, fille de Jacques Lacan, \u00e0 l\u2019universitaire et historienne de la psychanalyse, Elisabeth Roudinesco. Dans son dernier essai publi\u00e9 au Seuil, Lacan envers et contre tout, celle-ci \u00e9crit : \u00ab Bien qu\u2019il [Lacan] e\u00fbt \u00e9mis le v\u0153u de finir ses jours en Italie, \u00e0 Rome ou \u00e0 Venise et qu\u2019il e\u00fbt souhait\u00e9 des fun\u00e9railles catholiques, il fut enterr\u00e9 sans c\u00e9r\u00e9monie et dans l\u2019intimit\u00e9 au cimeti\u00e8re de Guitrancourt \u00bb.\u201d<\/p>\n<p style=\"text-align: justify;\"><a href=\"http:\/\/www.lacanquotidien.fr\/blog\/wp-content\/uploads\/2011\/11\/20111117-110400.jpg\"><img decoding=\"async\" class=\"alignnone size-full\" src=\"http:\/\/www.lacanquotidien.fr\/blog\/wp-content\/uploads\/2011\/11\/20111117-110400.jpg\" alt=\"20111117-110400.jpg\" \/><\/a><\/p>\n<p style=\"text-align: justify;\">\u2022\u2022\u2022\u2022\u2022\u2022\u2022\u2022\u2022\u2022\u2022\u2022\u2022\u2022\u2022\u2022\u2022\u2022\u2022\u2022\u2022\u2022\u2022\u2022\u2022\u2022\u2022\u2022\u2022\u2022\u2022\u2022\u2022\u2022\u2022\u2022\u2022\u2022\u2022\u2022\u2022\u2022\u2022\u2022\u2022\u2022\u2022\u2022\u2022\u2022\u2022<\/p>\n<p id=\"obs-article-title\"><span style=\"color: #0000ff;\"><a href=\"http:\/\/bibliobs.nouvelobs.com\/actualites\/20111117.OBS4711\/la-tribu-lacan-au-tribunal.html\"><span style=\"color: #0000ff;\">La tribu Lacan au tribunal<\/span><\/a><\/span><\/p>\n<p>17-11-11 \u00e0 19:14 par <strong> BibliObs<\/strong><\/p>\n<p>\u00ab\u00a0Judith Miller, fille du psychanalyste, poursuit Elisabeth Roudinesco pour diffamation, pendant que sa demi-s\u0153ur l&rsquo;accuse de s\u2019\u00eatre appropri\u00e9 la m\u00e9moire de son p\u00e8re. Ce petit monde \u00e9tait hier au Palais de justice. Eric Aeschimann a assist\u00e9 \u00e0 ces retrouvailles\u00a0\u00bb<\/p>\n<p style=\"text-align: justify;\"><a title=\"Lire l'article\" href=\"http:\/\/bibliobs.nouvelobs.com\/actualites\/20111117.OBS4711\/la-tribu-lacan-au-tribunal.html\" target=\"_blank\">http:\/\/bibliobs.nouvelobs.com\/actualites\/20111117.OBS4711\/la-tribu-lacan-au-tribunal.html<\/a><br \/>\n\u2022\u2022\u2022\u2022\u2022\u2022\u2022\u2022\u2022\u2022\u2022\u2022\u2022\u2022\u2022\u2022\u2022\u2022\u2022\u2022\u2022\u2022\u2022\u2022\u2022\u2022\u2022\u2022\u2022\u2022\u2022\u2022\u2022\u2022\u2022\u2022\u2022\u2022\u2022\u2022\u2022\u2022\u2022\u2022\u2022\u2022\u2022\u2022\u2022\u2022\u2022<\/p>\n<p style=\"text-align: justify;\">La date donn\u00e9e par Charriere est :<br \/>\nJeudi 12 janvier<\/p>\n<p style=\"text-align: justify;\" align=\"center\">\n","protected":false},"excerpt":{"rendered":"<p style=\"text-align: justify;\">LA REPUBLIQUE DES LIVRES -L&rsquo;EXPRESS &#8211; LE MONDE &#8211; LE NOUVEL OBSERVATEUR <\/p>\n","protected":false},"author":9,"featured_media":5075,"comment_status":"closed","ping_status":"closed","sticky":false,"template":"","format":"standard","meta":{"_monsterinsights_skip_tracking":false,"_monsterinsights_sitenote_active":false,"_monsterinsights_sitenote_note":"","_monsterinsights_sitenote_category":0,"footnotes":""},"categories":[396],"tags":[],"class_list":["post-5003","post","type-post","status-publish","format-standard","has-post-thumbnail","hentry","category-soutienjudith"],"_links":{"self":[{"href":"https:\/\/lacanquotidien.fr\/blog\/wp-json\/wp\/v2\/posts\/5003","targetHints":{"allow":["GET"]}}],"collection":[{"href":"https:\/\/lacanquotidien.fr\/blog\/wp-json\/wp\/v2\/posts"}],"about":[{"href":"https:\/\/lacanquotidien.fr\/blog\/wp-json\/wp\/v2\/types\/post"}],"author":[{"embeddable":true,"href":"https:\/\/lacanquotidien.fr\/blog\/wp-json\/wp\/v2\/users\/9"}],"replies":[{"embeddable":true,"href":"https:\/\/lacanquotidien.fr\/blog\/wp-json\/wp\/v2\/comments?post=5003"}],"version-history":[{"count":16,"href":"https:\/\/lacanquotidien.fr\/blog\/wp-json\/wp\/v2\/posts\/5003\/revisions"}],"predecessor-version":[{"id":5074,"href":"https:\/\/lacanquotidien.fr\/blog\/wp-json\/wp\/v2\/posts\/5003\/revisions\/5074"}],"wp:featuredmedia":[{"embeddable":true,"href":"https:\/\/lacanquotidien.fr\/blog\/wp-json\/wp\/v2\/media\/5075"}],"wp:attachment":[{"href":"https:\/\/lacanquotidien.fr\/blog\/wp-json\/wp\/v2\/media?parent=5003"}],"wp:term":[{"taxonomy":"category","embeddable":true,"href":"https:\/\/lacanquotidien.fr\/blog\/wp-json\/wp\/v2\/categories?post=5003"},{"taxonomy":"post_tag","embeddable":true,"href":"https:\/\/lacanquotidien.fr\/blog\/wp-json\/wp\/v2\/tags?post=5003"}],"curies":[{"name":"wp","href":"https:\/\/api.w.org\/{rel}","templated":true}]}}