{"id":5139,"date":"2011-11-08T15:16:02","date_gmt":"2011-11-08T14:16:02","guid":{"rendered":"http:\/\/www.lacanquotidien.fr\/blog\/?p=5139"},"modified":"2011-11-18T15:17:52","modified_gmt":"2011-11-18T14:17:52","slug":"%c2%abmancamento-radiale%c2%bb-2","status":"publish","type":"post","link":"https:\/\/lacanquotidien.fr\/blog\/2011\/11\/%c2%abmancamento-radiale%c2%bb-2\/","title":{"rendered":"\u00abMancamento radiale\u00bb"},"content":{"rendered":"<p style=\"text-align: center;\" align=\"JUSTIFY\"><strong style=\"font-family: Calibri, sans-serif; font-size: medium;\">Les crois\u00e9s d&rsquo;aujourd&rsquo;hui par <span style=\"color: #0000ff;\">Antonio Di Ciaccia<\/span><\/strong><\/p>\n<p align=\"JUSTIFY\"><span style=\"font-family: Calibri, sans-serif;\"><span style=\"font-size: small;\"><strong>Du 10 au 14 novembre <span style=\"color: #0000cc;\">Romeo Castellucci<\/span> pr\u00e9sentera sa derni\u00e8re \u0153uvre, <span style=\"color: #0000cc;\"><em>Il velo nero<\/em><\/span><em> <\/em><span style=\"color: #0000cc;\"><em>del pastore<\/em><\/span>, qu&rsquo;il est en train de mettre au point dans les Marches. Vous pouvez la voir au <span style=\"color: #0000cc;\">Teatro Vascello<\/span> de Rome, avant son envol vers d&rsquo;autres horizons. <span style=\"color: #0000cc;\">Voil\u00e0 encore une repr\u00e9sentation qui effleure le th\u00e8me du sacr\u00e9, tout comme celle qui est la cible des fondamentalistes chr\u00e9tiens en France, <\/span><span style=\"color: #0000cc;\"><em>Sul concetto di volto nel figlio di Dio<\/em><\/span><span style=\"color: #0000cc;\">.<!--more--><\/span> <\/strong><\/span><\/span><\/p>\n<p align=\"JUSTIFY\"><span style=\"font-family: Calibri, sans-serif;\"><span style=\"font-size: small;\">Dans une interview donn\u00e9e le premier novembre \u00e0 la journaliste de <em>la Repubblica<\/em> Anna Bandettini, Romeo Castellucci dit \u00eatre tr\u00e8s \u00e9tonn\u00e9 de la contestation que sa pi\u00e8ce a suscit\u00e9e en France, alors qu&rsquo;il ne s&rsquo;\u00e9tait produit aucune contestation en Italie en Espagne et en Pologne, Pays traditionnellement catholiques. <strong>L&rsquo;Artiste dit craindre de parcourir les provinces fran\u00e7aises avec sa troupe et il se dit pr\u00e9occup\u00e9 pour sa s\u00e9curit\u00e9 et celle des ses acteurs.<\/strong> \u00abMa photo est sur les <em>blogs<\/em> des fondamentalistes chr\u00e9tiens o\u00f9 je suis montr\u00e9 du doigt comme terroristes islamique. A ces blogs se sont ajout\u00e9s ceux des nazis et des antis\u00e9mites\u00bb.<\/span><\/span><\/p>\n<p align=\"JUSTIFY\"><span style=\"font-family: Calibri, sans-serif;\"><span style=\"font-size: small;\">A la journaliste qui lui demande pourquoi il a utilis\u00e9 l&rsquo;image du <em>Salvator Mundi<\/em> d&rsquo;Antonello da Messina pour sa repr\u00e9sentation, Romeo Castellucci r\u00e9pond: \u00ab <strong>Il est difficile de faire abstraction du fleuve dans lequel nous sommes n\u00e9s. Nous sommes nourris de l&rsquo;image du Christ. Et ma pi\u00e8ce est un <\/strong><em><strong>de profundis<\/strong><\/em><strong>, une pri\u00e8re sur la chute de l&rsquo;homme qui surgit du point le plus bas, d&rsquo;un nadir de l&rsquo;homme que j&rsquo;ai voulu repr\u00e9senter m\u00e9taphoriquement par des fausses f\u00e8ces. Et il est faux qu&rsquo;elles sont jet\u00e9es contre le Christ d&rsquo;Antonello da Messina, au fond de la sc\u00e8ne, parce que c&rsquo;est \u00e0 ce Christ que le spectacle adresse cette demande afflig\u00e9e: \u00ab pourquoi nous as-tu abandonn\u00e9s? \u00bb. C&rsquo;est exactement le contraire de ce dont les int\u00e9gristes m&rsquo;accusent <\/strong>\u00bb. Et \u00e0 la demande de la journaliste: \u00ab S&rsquo;il y avait occasion de les rencontrer, qu&rsquo;est-ce que vous leur diriez? \u00bb. \u00ab Convertissez-vous! \u00bb. Et il s&rsquo;explique: \u00ab Je les ai vus hors du th\u00e9\u00e2tre, \u00e9pouvantables, comme des d\u00e9mons et on comprend de ce qu&rsquo;ils hurlent qu&rsquo;ils ne connaissent pas les Ecritures Saintes \u00bb. <\/span><\/span><\/p>\n<p align=\"JUSTIFY\"><span style=\"font-family: Calibri, sans-serif;\"><span style=\"font-size: small;\">Oui, les \u00abCrois\u00e9s de France\u00bb, comme les appelle <em>la Repubblica<\/em>, ne connaissent pas les Ecritures. Comme d&rsquo;ailleurs tous les fondamentalistes chr\u00e9tiens de n&rsquo;importe quelle place de la plan\u00e8te. Et ils n&rsquo;ont plus l&rsquo;usage de cette m\u00e9thode que sont les Exercices spirituels d&rsquo; Ignace de Loyola, sur lesquels par contre, Romeo Castellucci prend appui pour un s\u00e9minaire qu&rsquo;il proprose \u00e0 Cesena vers la mi-novembre ayant pour titre <em>M\u00e0ntica \u2013 esercizi di voce umana<\/em>. D&rsquo;ailleurs n&rsquo;est-ce pas une indication de cette veine le fait d&rsquo;avoir nomm\u00e9 sa compagnie th\u00e9\u00e2trale Soc\u00ecetas Raffaello Sanzio, alors que <em>Soc\u00ecetas<\/em>, en latin et avec l&rsquo;accent sur le \u00abi\u00bb, est le terme donn\u00e9 par Ignace \u00e0 sa Compagnie?<\/span><\/span><\/p>\n<p align=\"JUSTIFY\"><span style=\"font-family: Calibri, sans-serif;\"><span style=\"font-size: small;\"><span style=\"color: #0000cc;\"><strong>Les fondamentalistes sont ces personnes qui ont l&rsquo;absolue certitude de croire que ce qu&rsquo;ils pensent vrai soit r\u00e9el.<\/strong><\/span> Cela vaut pour tous les fondamentalistes, de n&rsquo;importe quelle couleur, latitude ou (pseudo)religion. Leur certitude n&rsquo;a rien \u00e0 voir avec la <em>fides<\/em> de Thomas d&rsquo;Aquin, laquelle n&rsquo;est rien d&rsquo;autre qu&rsquo;une <em>vehemens opinio <\/em>: rien de plus, rien de moins. <strong>Les crois\u00e9s d&rsquo;aujourd&rsquo;hui d\u00e9fendent par contre un id\u00e9al qui n&rsquo;est autre que le reflet en miroir de leur propre narcissisme. Et ils concentrent la cause de leur certitude par rapport \u00e0 l&rsquo;id\u00e9al dans un objet imaginaire, vu toujours au z\u00e9nith sur le versant agalmatique. Et ils collent l&rsquo;objet \u00e0 l&rsquo;id\u00e9al en en faisant une sph\u00e8re qui est un tout, sans aucune fissure.<\/strong><\/span><\/span><\/p>\n<p align=\"JUSTIFY\"><span style=\"font-family: Calibri, sans-serif;\"><span style=\"font-size: small;\"><span style=\"color: #0000cc;\"><strong>Ce qui int\u00e9resse Romeo Castellucci n&rsquo;est pas le z\u00e9nith, mais le nadir.<\/strong><\/span> C&rsquo;est-\u00e0-dire ce qui est \u00e0 l&rsquo;oppos\u00e9: non pas le point de la sph\u00e8re c\u00e9leste sur la verticale de l&rsquo;observateur vers le haut, mais vers le bas. <strong>Pour le dire \u00e0 notre mani\u00e8re, ce qui est concern\u00e9 n&rsquo;est pas l&rsquo;objet sur le versant <\/strong><em><strong>agalma<\/strong><\/em><strong>, mais sur le versant <\/strong><em><strong>palea<\/strong><\/em><strong>.<\/strong> Et en effet sur ce versant, entre l&rsquo;objet et l&rsquo;id\u00e9al s&rsquo;ouvrent des fissures, des d\u00e9chirures, des pr\u00e9cipices \u2013 par rapport auxquels les crois\u00e9s d&rsquo;aujourd&rsquo;hui se tiennent bien \u00e0 carreau. Et ils font bien, car leur certitude pourrait vaciller ou, si elle reste inentam\u00e9e, elle ne serait que le signe innommable de leur pathologie.<\/span><\/span><\/p>\n<p align=\"JUSTIFY\">\u00a0\u25cf<span style=\"font-family: Calibri, sans-serif;\"><span style=\"font-size: small;\"><strong>Pour suivre Romeo Castellucci et sa Compagnie, voir le site<\/strong><\/span><\/span><span style=\"font-family: Calibri, sans-serif;\"><span style=\"font-size: small;\"> <a href=\"http:\/\/www.raffaellosanzio.org\/\">www.raffaellosanzio.org<\/a>.<\/span><\/span><\/p>\n<p align=\"JUSTIFY\"><span style=\"font-family: Calibri, sans-serif;\"><span style=\"font-size: small;\"><strong>Publi\u00e9 dans le N\u00b083 de Lacan Quotidien<\/strong><\/span><\/span><\/p>\n<p align=\"JUSTIFY\"><span style=\"font-family: Calibri, sans-serif;\"><span style=\"font-size: small;\"><strong>Suivez ce lien pour <a href=\"http:\/\/www.lacanquotidien.fr\/blog\/2011\/11\/%C2%ABmancamento-radiale%C2%BB\/\">la version en italien<\/a><\/strong><\/span><\/span><\/p>\n","protected":false},"excerpt":{"rendered":"<p style=\"text-align: center;\" align=\"JUSTIFY\">Les crois\u00e9s d&rsquo;aujourd&rsquo;hui par Antonio Di Ciaccia<\/p>\n<p align=\"JUSTIFY\">Du 10 au 14 novembre Romeo Castellucci pr\u00e9sentera sa derni\u00e8re \u0153uvre, Il velo nero del pastore, qu&rsquo;il est en train de mettre au point dans les Marches. Vous pouvez la voir au Teatro Vascello de Rome, avant son envol vers d&rsquo;autres horizons. Voil\u00e0 encore [&#8230;]<\/p>\n","protected":false},"author":9,"featured_media":5140,"comment_status":"closed","ping_status":"closed","sticky":false,"template":"","format":"standard","meta":{"_monsterinsights_skip_tracking":false,"_monsterinsights_sitenote_active":false,"_monsterinsights_sitenote_note":"","_monsterinsights_sitenote_category":0,"footnotes":""},"categories":[19,300],"tags":[139,840,841,637],"class_list":["post-5139","post","type-post","status-publish","format-standard","has-post-thumbnail","hentry","category-chroniques","category-spectacles","tag-antonio-di-ciaccia","tag-ignace-de-loyola","tag-palea","tag-romeo-castellucci"],"_links":{"self":[{"href":"https:\/\/lacanquotidien.fr\/blog\/wp-json\/wp\/v2\/posts\/5139","targetHints":{"allow":["GET"]}}],"collection":[{"href":"https:\/\/lacanquotidien.fr\/blog\/wp-json\/wp\/v2\/posts"}],"about":[{"href":"https:\/\/lacanquotidien.fr\/blog\/wp-json\/wp\/v2\/types\/post"}],"author":[{"embeddable":true,"href":"https:\/\/lacanquotidien.fr\/blog\/wp-json\/wp\/v2\/users\/9"}],"replies":[{"embeddable":true,"href":"https:\/\/lacanquotidien.fr\/blog\/wp-json\/wp\/v2\/comments?post=5139"}],"version-history":[{"count":3,"href":"https:\/\/lacanquotidien.fr\/blog\/wp-json\/wp\/v2\/posts\/5139\/revisions"}],"predecessor-version":[{"id":5143,"href":"https:\/\/lacanquotidien.fr\/blog\/wp-json\/wp\/v2\/posts\/5139\/revisions\/5143"}],"wp:featuredmedia":[{"embeddable":true,"href":"https:\/\/lacanquotidien.fr\/blog\/wp-json\/wp\/v2\/media\/5140"}],"wp:attachment":[{"href":"https:\/\/lacanquotidien.fr\/blog\/wp-json\/wp\/v2\/media?parent=5139"}],"wp:term":[{"taxonomy":"category","embeddable":true,"href":"https:\/\/lacanquotidien.fr\/blog\/wp-json\/wp\/v2\/categories?post=5139"},{"taxonomy":"post_tag","embeddable":true,"href":"https:\/\/lacanquotidien.fr\/blog\/wp-json\/wp\/v2\/tags?post=5139"}],"curies":[{"name":"wp","href":"https:\/\/api.w.org\/{rel}","templated":true}]}}