{"id":5263,"date":"2011-11-14T12:38:52","date_gmt":"2011-11-14T11:38:52","guid":{"rendered":"http:\/\/www.lacanquotidien.fr\/blog\/?p=5263"},"modified":"2011-11-19T12:39:09","modified_gmt":"2011-11-19T11:39:09","slug":"l%e2%80%99air-du-temps","status":"publish","type":"post","link":"https:\/\/lacanquotidien.fr\/blog\/2011\/11\/l%e2%80%99air-du-temps\/","title":{"rendered":"L\u2019AIR DU TEMPS"},"content":{"rendered":"<p style=\"text-align: center;\" align=\"JUSTIFY\">\u00a0<span style=\"font-family: Calibri, sans-serif;\"><span style=\"font-size: medium;\"><strong>Chlo\u00e9 et Marie <span style=\"color: #0000cc;\"><span style=\"font-size: small;\"><em>par Jean-Pierre Deffieux<!--more--><\/em><\/span><\/span><\/strong><\/span><\/span><\/p>\n<p align=\"JUSTIFY\"><span style=\"font-family: Calibri, sans-serif;\"><span style=\"font-size: small;\"><strong>Ma courte contribution du jour s\u2019int\u00e8gre\u00a0 bien dans le cadre de ma chronique intitul\u00e9e \u00a0L\u2019air du temps. Il n\u2019est pas si facile d\u2019\u00eatre dans l\u2019air du temps. Cela demande des efforts, un recul, une vigilance, une curiosit\u00e9 aussi, mais au del\u00e0 un int\u00e9r\u00eat \u00e9troit pour son inconscient et un assidu travail sur soi-m\u00eame pour tol\u00e9rer la diff\u00e9rence.<\/strong><\/span><\/span><\/p>\n<p align=\"JUSTIFY\">\n<p align=\"JUSTIFY\"><span style=\"font-family: Calibri, sans-serif;\"><span style=\"font-size: small;\">Un exemple\u00a0:<\/span><\/span><\/p>\n<p align=\"JUSTIFY\"><span style=\"font-family: Calibri, sans-serif;\"><span style=\"font-size: small;\">L\u2019air du temps, celui de la science qui fait la nique \u00e0 la loi, qui l\u2019embarrasse, la bouscule, qui d\u00e9range les traditions, nos structures \u00e9tablies, et qui pousse au nouveau, \u00e0 l\u2019invention, pas toujours sans risques.<\/span><\/span><\/p>\n<p align=\"JUSTIFY\">\n<p align=\"JUSTIFY\"><span style=\"font-family: Calibri, sans-serif;\"><span style=\"font-size: small;\">Chlo\u00e9 et Marie vivent ensemble depuis 14 ans. Elles sont mari\u00e9es et ont 3 enfants.<\/span><\/span><\/p>\n<p align=\"JUSTIFY\"><span style=\"font-family: Calibri, sans-serif;\"><span style=\"font-size: small;\"><em>&#8211; Mais enfin comment cela est il possible\u00a0? Le mariage homosexuel et\u00a0 l\u2019homoparentalit\u00e9 sont interdits en France.<\/em><\/span><\/span><\/p>\n<p align=\"JUSTIFY\"><span style=\"font-family: Calibri, sans-serif;\"><span style=\"font-size: small;\">&#8211; C\u2019est que Chlo\u00e9 ne s\u2019est pas toujours appel\u00e9e Chlo\u00e9 mais Wilfried, ils avaient donc constitu\u00e9 une famille tout ce qu\u2019il y a de plus traditionnel.<\/span><\/span><\/p>\n<p align=\"JUSTIFY\">\u00a0<span style=\"font-family: Calibri, sans-serif;\"><span style=\"font-size: small;\"><em>&#8211; Mais c\u2019est un transsexuel\u00a0? <\/em><\/span><\/span><\/p>\n<p align=\"JUSTIFY\"><span style=\"font-family: Calibri, sans-serif;\"><span style=\"font-size: small;\">&#8211; Oui, en 2010, Wilfried, au bord du suicide a fait son <em>coming out<\/em>, il a tout balanc\u00e9 \u00e0 Marie\u00a0; qu\u2019il se sent femme depuis toujours, depuis l\u2019enfance et qu\u2019il veut devenir une femme.<\/span><\/span><\/p>\n<p align=\"JUSTIFY\"><span style=\"font-family: Calibri, sans-serif;\"><span style=\"font-size: small;\"><em>&#8211; Et comment elle a pris \u00e7a Marie, qui vit avec cet homme depuis\u00a0 14 ans\u00a0?<\/em><\/span><\/span><\/p>\n<p align=\"JUSTIFY\"><span style=\"font-family: Calibri, sans-serif;\"><span style=\"font-size: small;\">&#8211; Elle a \u00e9t\u00e9 soulag\u00e9e parce qu\u2019en fait son d\u00e9sir \u00e9tait depuis longtemps orient\u00e9 du c\u00f4t\u00e9 des femmes, elle n\u2019avait fr\u00e9quent\u00e9 que des femmes avant de tomber amoureuse de ce gar\u00e7on assez f\u00e9minin.<\/span><\/span><\/p>\n<p align=\"JUSTIFY\"><span style=\"font-family: Calibri, sans-serif;\"><span style=\"font-size: small;\"><em>&#8211; Mais c\u2019est insens\u00e9 cette histoire\u00a0?<\/em><\/span><\/span><\/p>\n<p align=\"JUSTIFY\"><span style=\"font-family: Calibri, sans-serif;\"><span style=\"font-size: small;\">&#8211; Pas tant que \u00e7a, on peut dire qu\u2019ils se sont bien trouv\u00e9s d\u2019une certaine fa\u00e7on, peut \u00eatre trop bien m\u00eame\u00a0!<\/span><\/span><\/p>\n<p align=\"JUSTIFY\"><span style=\"font-family: Calibri, sans-serif;\"><span style=\"font-size: small;\"><em>&#8211; Et les enfants, ils ne sont pas compl\u00e8tement traumatis\u00e9s\u00a0?<\/em><\/span><\/span><\/p>\n<p align=\"JUSTIFY\"><span style=\"font-family: Calibri, sans-serif;\"><span style=\"font-size: small;\">&#8211; Il semble que non.\u00a0 Ce qu\u2019ils craignent c\u2019est que le noyau familial soit touch\u00e9. C\u2019est une famille tr\u00e8s aimante et soud\u00e9e.<\/span><\/span><\/p>\n<p align=\"JUSTIFY\"><span style=\"font-family: Calibri, sans-serif;\"><span style=\"font-size: small;\"><em>&#8211; Je ne comprends pas\u00a0: Pourquoi la famille risque d\u2019\u00eatre touch\u00e9e\u00a0?<\/em><\/span><\/span><\/p>\n<p align=\"JUSTIFY\"><span style=\"font-family: Calibri, sans-serif;\"><span style=\"font-size: small;\">&#8211;\u00a0 Eh bien la science m\u00e9dical va r\u00e9pondre \u00e0 la volont\u00e9 de Chlo\u00e9, c\u2019est d\u00e9j\u00e0 commenc\u00e9, et va r\u00e9aliser son v\u0153u le plus cher, celui de devenir une femme.\u00a0 Mais du m\u00eame coup elle va \u00eatre en infraction avec la loi\u00a0: Une famille traditionnelle\u00a0 va devenir une famille homoparentale\u00a0: deux femmes mari\u00e9es et avec 3 enfants.<\/span><\/span><\/p>\n<p align=\"JUSTIFY\"><span style=\"font-family: Calibri, sans-serif;\"><span style=\"font-size: small;\"><em>&#8211; Et qu\u2019est ce qui va se passer alors\u00a0?<\/em><\/span><\/span><\/p>\n<p align=\"JUSTIFY\"><span style=\"font-family: Calibri, sans-serif;\"><span style=\"font-size: small;\">&#8211; On attend la r\u00e9ponse du tribunal de Brest le 15 d\u00e9cembre et son avocat est optimiste. Le parquet n\u2019a pas demand\u00e9 \u00e0 ce que le divorce soit prononc\u00e9, contrairement \u00e0 des pr\u00e9c\u00e9dents, avant qu\u2019elle ne change de sexe.\u00a0 L\u2019avocat pense que le parquet modifiera l\u2019acte de naissance de Wilfried et l\u2019acte de mariage de Wilfried et Marie.<\/span><\/span><\/p>\n<p align=\"JUSTIFY\"><span style=\"font-family: Calibri, sans-serif;\"><span style=\"font-size: small;\"><em>-Ce sera une premi\u00e8re\u00a0!<\/em><\/span><\/span><\/p>\n<p align=\"JUSTIFY\"><span style=\"font-family: Calibri, sans-serif;\"><span style=\"font-size: small;\">&#8211; Oui et donc le d\u00e9but d\u2019une s\u00e9rie qui entrainera probablement \u00e0 terme une modification de la loi<\/span><\/span><\/p>\n<p align=\"JUSTIFY\"><span style=\"font-family: Calibri, sans-serif;\"><span style=\"font-size: small;\"><em>&#8211; Et tout cela par l\u2019entrechoc des avanc\u00e9es de la science avec une loi de longue date \u00e9tablie\u00a0!<\/em><\/span><\/span><\/p>\n<p align=\"JUSTIFY\"><span style=\"font-family: Calibri, sans-serif;\"><span style=\"font-size: small;\">&#8211; En effet\u00a0!<\/span><\/span><\/p>\n<p align=\"JUSTIFY\"><span style=\"font-family: Calibri, sans-serif;\"><span style=\"font-size: small;\"><strong>Publi\u00e9 dans le N\u00b089 de Lacan Quotidien<\/strong><\/span><\/span><\/p>\n","protected":false},"excerpt":{"rendered":"<p style=\"text-align: center;\" align=\"JUSTIFY\">\u00a0Chlo\u00e9 et Marie par Jean-Pierre Deffieux<\/p>\n","protected":false},"author":9,"featured_media":5264,"comment_status":"closed","ping_status":"closed","sticky":false,"template":"","format":"standard","meta":{"_monsterinsights_skip_tracking":false,"_monsterinsights_sitenote_active":false,"_monsterinsights_sitenote_note":"","_monsterinsights_sitenote_category":0,"footnotes":""},"categories":[19],"tags":[890,888,39,889],"class_list":["post-5263","post","type-post","status-publish","format-standard","has-post-thumbnail","hentry","category-chroniques","tag-chloe-et-marie","tag-homoparentalite","tag-jean-pierre-deffieux","tag-transsexuel"],"_links":{"self":[{"href":"https:\/\/lacanquotidien.fr\/blog\/wp-json\/wp\/v2\/posts\/5263","targetHints":{"allow":["GET"]}}],"collection":[{"href":"https:\/\/lacanquotidien.fr\/blog\/wp-json\/wp\/v2\/posts"}],"about":[{"href":"https:\/\/lacanquotidien.fr\/blog\/wp-json\/wp\/v2\/types\/post"}],"author":[{"embeddable":true,"href":"https:\/\/lacanquotidien.fr\/blog\/wp-json\/wp\/v2\/users\/9"}],"replies":[{"embeddable":true,"href":"https:\/\/lacanquotidien.fr\/blog\/wp-json\/wp\/v2\/comments?post=5263"}],"version-history":[{"count":2,"href":"https:\/\/lacanquotidien.fr\/blog\/wp-json\/wp\/v2\/posts\/5263\/revisions"}],"predecessor-version":[{"id":5266,"href":"https:\/\/lacanquotidien.fr\/blog\/wp-json\/wp\/v2\/posts\/5263\/revisions\/5266"}],"wp:featuredmedia":[{"embeddable":true,"href":"https:\/\/lacanquotidien.fr\/blog\/wp-json\/wp\/v2\/media\/5264"}],"wp:attachment":[{"href":"https:\/\/lacanquotidien.fr\/blog\/wp-json\/wp\/v2\/media?parent=5263"}],"wp:term":[{"taxonomy":"category","embeddable":true,"href":"https:\/\/lacanquotidien.fr\/blog\/wp-json\/wp\/v2\/categories?post=5263"},{"taxonomy":"post_tag","embeddable":true,"href":"https:\/\/lacanquotidien.fr\/blog\/wp-json\/wp\/v2\/tags?post=5263"}],"curies":[{"name":"wp","href":"https:\/\/api.w.org\/{rel}","templated":true}]}}