{"id":5267,"date":"2011-11-14T12:57:05","date_gmt":"2011-11-14T11:57:05","guid":{"rendered":"http:\/\/www.lacanquotidien.fr\/blog\/?p=5267"},"modified":"2011-11-25T10:26:54","modified_gmt":"2011-11-25T09:26:54","slug":"fenetre-2","status":"publish","type":"post","link":"https:\/\/lacanquotidien.fr\/blog\/2011\/11\/fenetre-2\/","title":{"rendered":"Fen\u00eatre"},"content":{"rendered":"<p align=\"JUSTIFY\"><span style=\"font-family: Calibri, sans-serif;\"><span style=\"font-size: small;\"><span style=\"color: #ff0000;\"><span style=\"font-size: medium;\"><strong>JJSS et le corps de DSS\u00a0<\/strong><\/span><\/span><span style=\"color: #0000cc;\"><strong>par <\/strong><\/span><span style=\"color: #0000cc;\"><em><strong>Jacques Ruff<\/strong><\/em><\/span><\/span><\/span><\/p>\n<p align=\"JUSTIFY\"><span style=\"font-family: Calibri, sans-serif;\"><span style=\"font-size: small;\">Il a eu une r\u00e9cidive de son cancer. Il lui reste quelques mois \u00e0 vivre. David Servan-Schreiber \u00e9crit alors son dernier livre qui sortira un mois avant sa disparition en juillet 2011. Son titre\u00a0: <span style=\"color: #0000cc;\"><em>On peut se dire au revoir plusieurs fois<\/em><\/span>. Aura-t il un aussi grand succ\u00e8s que \u00ab\u00a0<span style=\"color: #0000cc;\">Gu\u00e9rir<\/span>\u00a0\u00bb et\u00a0 \u00ab\u00a0<span style=\"color: #0000cc;\">Anticancer<\/span>\u00a0\u00bb\u00a0? Je le souhaite parce que justement, dans ce dernier livre, il nous dit en quoi il n\u2019a pas su se tenir \u00e0 ce qu\u2019il prescrivait. Pour l\u2019essentiel il ne r\u00e9cuse pas ce qu\u2019il avait mis en place. C\u2019est un traitement qui a recours \u00e0 des usages naturels, sans m\u00e9dicament ni psychanalyse. C\u2019est une pratique faite\u00a0 d\u2019exercice physique, de m\u00e9ditation, et d\u2019une nutrition contr\u00f4l\u00e9e, le tout comportant des quantifications pr\u00e9cises issues de statistiques. Il rappelle que nous avons en nous les moyens de nous gu\u00e9rir. Il faut se servir du corps et pas du langage\u00a0: d\u2019o\u00f9 son bannissement de la psychanalyse. <\/span><\/span><\/p>\n<p align=\"JUSTIFY\">\u00a0\u00a0 <span style=\"font-family: Calibri, sans-serif;\"><span style=\"font-size: small;\">En somme, \u00e0 le suivre dans ces livres \u00e0 succ\u00e8s, il faudrait maintenir le corps dans une certaine hom\u00e9ostasie, le brider par une discipline de vie pour que le trop ne viennent pas produire une perturbation du corps qui peut s\u2019exprimer par le cancer.\u00a0 Mon propos ne vise pas \u00e0 le contredire sur cette hygi\u00e8ne de vie. Pourquoi en effet ne pas avoir quelques r\u00e8gles de vie pour le bon fonctionnement du corps\u00a0! Seulement, voil\u00e0, <span style=\"color: #0000cc;\">ces principes ne tiennent pas<\/span>. <span style=\"color: #0000cc;\">Et ce n\u2019est pas nouveau. La philosophie grecque avait d\u00e9j\u00e0 rep\u00e9r\u00e9 dans l\u2019<\/span><span style=\"color: #0000cc;\"><em>hubris<\/em><\/span><span style=\"color: #0000cc;\">, dans le trop, dans le d\u00e9bordement l\u2019ennemi \u00e0 tout id\u00e9al de vie \u00e9quilibr\u00e9e<\/span>. <\/span><\/span><\/p>\n<p align=\"JUSTIFY\">\u00a0\u00a0 <span style=\"font-family: Calibri, sans-serif;\"><span style=\"font-size: small;\">Alors pourquoi a-t-il eu une r\u00e9cidive de son cancer\u00a0? Il n\u2019a pas \u00e9t\u00e9 capable, quant \u00e0 lui, de se tenir \u00e0 ses prescriptions. C\u2019est ce qui rend ce livre attachant par un c\u00f4t\u00e9 mais irritant et confondant de l\u2019autre. <\/span><\/span><\/p>\n<p align=\"JUSTIFY\">\u00a0\u00a0 <span style=\"font-family: Calibri, sans-serif;\"><span style=\"font-size: small;\">En effet d\u2019un c\u00f4t\u00e9 il nous donne la cl\u00e9 de son impasse, mais de l\u2019autre il ne tire pas la conclusion qui s\u2019impose. Cette conclusion est pourtant \u00e9vidente\u00a0: <span style=\"color: #0000cc;\">il n\u2019a pas tenu compte de l\u2019incidence du langage sur son corps<\/span>. <span style=\"color: #0000cc;\">En somme ce qui pourrait \u00eatre un rapport \u00e0 la psychanalyse qu\u2019il a rejet\u00e9 fait retour dans ce dernier t\u00e9moignage<\/span>. Ce qui est irritant c\u2019est qu\u2019il fait croire que, s\u2019il a \u00e9chou\u00e9 dans son plan anticancer, c\u2019est \u00e0 cause d\u2019un point qui ne tient qu\u2019\u00e0 une histoire personnelle.\u00a0En somme les autres, qui n\u2019ont pas une histoire de cet ordre, pourraient appliquer avec succ\u00e8s ses prescriptions. <\/span><\/span><\/p>\n<p align=\"JUSTIFY\"><span style=\"font-family: Calibri, sans-serif;\"><span style=\"font-size: small;\"><span style=\"color: #0000cc;\">Quel est ce point qui fait de sa vie une exception au point de ne pas \u00eatre comme les autres\u00a0?<\/span> <span style=\"color: #0000cc;\">C\u2019est d\u2019avoir eu ce p\u00e8re l\u00e0\u00a0: JJSS.<\/span><\/span><\/span><\/p>\n<p align=\"JUSTIFY\"><span style=\"font-family: Calibri, sans-serif;\"><span style=\"font-size: small;\">Il rapporte le dialogue qu\u2019il a avec ses fr\u00e8res. Ils lui reprochent son rythme de vie effr\u00e9n\u00e9. Ce rythme de vie est en effet ext\u00e9nuant. Il fait de trop nombreux voyages par semaine en Europe ou aux Etats-unis\u00a0: il \u00e9tait \u00ab\u00a0comme branch\u00e9 en permanence sur une prise \u00e9lectrique\u00a0\u00bb. Et c\u2019est de l\u2019origine de ce rythme de vie dont il va parler. Il prend soin de dire qu\u2019il aime particuli\u00e8rement les activit\u00e9s physiques \u00e0 risque. Il a un \u00ab\u00a0go\u00fbt excessif pour les exp\u00e9riences limites et difficiles \u00e0 vivre\u00a0\u00bb. Il rapporte en effet les diff\u00e9rents accidents graves qu\u2019il a eus. Et c\u2019est l\u00e0 que vient dans son livre ce chapitre qu\u2019il a intitul\u00e9\u00a0: \u00ab\u00a0L\u2019apprentissage du courage\u00a0\u00bb. <span style=\"color: #0000cc;\">La premi\u00e8re phrase est \u00ab\u00a0Mon p\u00e8re, Jean-Jacques, avait des m\u00e9thodes bien \u00e0 lui pour nous \u00ab\u00a0apprendre le courage\u00a0\u00bb<\/span>. Il met ces derniers termes entre guillemets sans revenir sur ce d\u00e9tail d\u2019\u00e9criture. C\u2019est l\u00e0 qu\u2019il va nous parler de la <span style=\"color: #ff0000;\">marque du p\u00e8re qu\u2019il porte dans son corps<\/span>. Son p\u00e8re le conduisait le soir, en Floride, faire du ski nautique. Non pas de jour, mais tard le soir pour rendre l\u2019ambiance encore plus inqui\u00e9tante. Ce point suffirait d\u00e9j\u00e0 pour \u00eatre marquant. Non il y a plus. Il y a des requins. Et d\u2019ajouter, \u00ab\u00a0Requins ou pas il fallait sauter dans l\u2019eau, sinon mon p\u00e8re se chargeait de m\u2019y jeter\u00a0\u00bb. Et de conclure\u00a0: \u00ab\u00a0Rien n\u2019est plus flippant que de skier entre chien et loup sur des eaux noires o\u00f9 l\u2019on croit deviner l\u2019ombre d\u2019un requin. Rien. Pas m\u00eame une gravissime rechute du cancer\u00a0\u00bb. En somme ce souvenir, <span style=\"color: #0000cc;\">cette jouissance, que son p\u00e8re lui a impos\u00e9e, est plus angoissante que la rechute de son cancer<\/span> ou les risques qu\u2019il prend dans les sports extr\u00eames. <\/span><\/span><\/p>\n<p align=\"JUSTIFY\"><span style=\"font-family: Calibri, sans-serif;\"><span style=\"font-size: small;\">Comment peut-il alors trouver cette tranquillit\u00e9 \u00e0 laquelle il aspire quand il porte en lui cette marque ind\u00e9l\u00e9bile\u00a0? Et <span style=\"color: #0000cc;\">cette marque n\u2019est pas seulement la mani\u00e8re dont son p\u00e8re lui a parl\u00e9. C\u2019est son corps qui n\u2019a pas pu \u00e9chapper aux exigences du p\u00e8re.<\/span> Il dit pratiquer l\u2019attention classique \u00e0 la respiration et y trouve un temps de pause, d\u2019arr\u00eat \u00e0 sa fr\u00e9n\u00e9sie. Mais son p\u00e8re, dont il est fier d\u2019\u00eatre le fils, reste intouch\u00e9. Il esp\u00e8re m\u00eame avoir transmis \u00e0 ses enfants cette marque de JJSS\u00a0!\u00a0 <span style=\"color: #0000cc;\">Il reste soumis \u00e0 l\u2019id\u00e9al d\u2019un p\u00e8re trompe-la-mort, d\u2019un p\u00e8re <\/span><span style=\"color: #0000cc;\"><em>Express<\/em><\/span><span style=\"color: #0000cc;\">. <\/span><\/span><\/span><\/p>\n<p align=\"JUSTIFY\"><span style=\"font-family: Calibri, sans-serif;\"><span style=\"font-size: small;\">Ce qui peut nous retenir c\u2019est qu\u2019<span style=\"color: #ff0000;\">un corps est un compos\u00e9 ternaire, comme le dit Lacan<\/span>, <span style=\"color: #ff0000;\">qui comporte non seulement une dimension r\u00e9elle et imaginaire mais aussi cette dimension symbolique que DSS ne met pas dans son compos\u00e9 \u00e0 lui<\/span>. Il nous a dit qu\u2019on peut se \u00ab\u00a0dire au revoir plusieurs fois\u00a0\u00bb. Et c\u2019est justement de ce petit d\u00e9tail, qu\u2019il l\u00e2che juste avant de nous quitter, dont il aurait fallu reparler. Il aurait alors pu nous dire au revoir, mais cette fois-ci juste apr\u00e8s avoir rediscut\u00e9 de tout \u00e7a. Il manquera toujours ce temps logique, qui \u00e9tait dans la suite de son moment de comprendre et juste avant la pr\u00e9cipitation du moment de conclure.\u00a0 <\/span><\/span><\/p>\n<p align=\"JUSTIFY\"><span style=\"font-family: Calibri, sans-serif;\"><span style=\"font-size: small;\"><strong>Publi\u00e9 dans le N\u00b089 de Lacan Quotidien<\/strong><\/span><\/span><\/p>\n","protected":false},"excerpt":{"rendered":"<p align=\"JUSTIFY\">JJSS et le corps de DSS\u00a0par Jacques Ruff<\/p>\n<p align=\"JUSTIFY\">Il a eu une r\u00e9cidive de son cancer. Il lui reste quelques mois \u00e0 vivre. David Servan-Schreiber \u00e9crit alors son dernier livre qui sortira un mois avant sa disparition en juillet 2011. Son titre\u00a0: On peut se dire au revoir plusieurs fois. Aura-t il un [&#8230;]<\/p>\n","protected":false},"author":9,"featured_media":5270,"comment_status":"closed","ping_status":"closed","sticky":false,"template":"","format":"standard","meta":{"_monsterinsights_skip_tracking":false,"_monsterinsights_sitenote_active":false,"_monsterinsights_sitenote_note":"","_monsterinsights_sitenote_category":0,"footnotes":""},"categories":[6],"tags":[893,895,892,894,891,896,370,897],"class_list":["post-5267","post","type-post","status-publish","format-standard","has-post-thumbnail","hentry","category-courrier","tag-cancer","tag-corps","tag-david-servan-schreiber","tag-hubris","tag-jacques-ruff","tag-langage","tag-psychanalyse","tag-sports-extremes"],"_links":{"self":[{"href":"https:\/\/lacanquotidien.fr\/blog\/wp-json\/wp\/v2\/posts\/5267","targetHints":{"allow":["GET"]}}],"collection":[{"href":"https:\/\/lacanquotidien.fr\/blog\/wp-json\/wp\/v2\/posts"}],"about":[{"href":"https:\/\/lacanquotidien.fr\/blog\/wp-json\/wp\/v2\/types\/post"}],"author":[{"embeddable":true,"href":"https:\/\/lacanquotidien.fr\/blog\/wp-json\/wp\/v2\/users\/9"}],"replies":[{"embeddable":true,"href":"https:\/\/lacanquotidien.fr\/blog\/wp-json\/wp\/v2\/comments?post=5267"}],"version-history":[{"count":7,"href":"https:\/\/lacanquotidien.fr\/blog\/wp-json\/wp\/v2\/posts\/5267\/revisions"}],"predecessor-version":[{"id":5643,"href":"https:\/\/lacanquotidien.fr\/blog\/wp-json\/wp\/v2\/posts\/5267\/revisions\/5643"}],"wp:featuredmedia":[{"embeddable":true,"href":"https:\/\/lacanquotidien.fr\/blog\/wp-json\/wp\/v2\/media\/5270"}],"wp:attachment":[{"href":"https:\/\/lacanquotidien.fr\/blog\/wp-json\/wp\/v2\/media?parent=5267"}],"wp:term":[{"taxonomy":"category","embeddable":true,"href":"https:\/\/lacanquotidien.fr\/blog\/wp-json\/wp\/v2\/categories?post=5267"},{"taxonomy":"post_tag","embeddable":true,"href":"https:\/\/lacanquotidien.fr\/blog\/wp-json\/wp\/v2\/tags?post=5267"}],"curies":[{"name":"wp","href":"https:\/\/api.w.org\/{rel}","templated":true}]}}