{"id":5342,"date":"2011-11-20T23:14:14","date_gmt":"2011-11-20T22:14:14","guid":{"rendered":"http:\/\/www.lacanquotidien.fr\/blog\/?p=5342"},"modified":"2015-07-27T00:26:14","modified_gmt":"2015-07-26T22:26:14","slug":"indignados","status":"publish","type":"post","link":"https:\/\/lacanquotidien.fr\/blog\/2011\/11\/indignados\/","title":{"rendered":"Indignados"},"content":{"rendered":"<blockquote><p><strong style=\"font-family: Calibri, sans-serif; text-align: justify; font-size: large;\">Insonmio por Anna Aromi<\/strong><\/p>\n<p align=\"JUSTIFY\"><span style=\"font-family: Calibri, sans-serif;\"><span style=\"font-size: small;\">Quiero hablarles de los indignados. Este es el nombre que los medios de comunicaci\u00f3n han dado a los participantes en el movimiento del 15-M. Esos ciudadanos que han tenido el m\u00e9rito, no menor, de devolver el uso y la memoria a las plazas de este pa\u00eds, record\u00e1ndoles que no por casualidad nacieron \u00e1gora, foro, plaza del pueblo.<!--more--><\/span><\/span><\/p>\n<p>&nbsp;<\/p>\n<p align=\"JUSTIFY\"><span style=\"font-family: Calibri, sans-serif;\"><span style=\"font-size: small;\">Pero no solo esto, estos ciudadanos han logrado tambi\u00e9n vivificar esa famosa y tan maltratada \u201cmemoria hist\u00f3rica\u201d, a partir de situarse en ella, en la historia. Y lo han hecho convocados por un malestar, por un imposible de soportar, que han elevado a la categor\u00eda de s\u00edntoma.<\/span><\/span><\/p>\n<p>&nbsp;<\/p>\n<p align=\"JUSTIFY\"><span style=\"font-family: Calibri, sans-serif;\"><span style=\"font-size: small;\">Hablando hace un momento con Amador Fern\u00e1ndez-Sabater, dec\u00edamos que el movimiento del 15-M hab\u00eda tenido el efecto de una chispa que conecta. No ha sido un despertar en el sentido de que antes estuvieran dormidos, pero s\u00ed estaban desconectados y el acontecimiento ha tenido efectos de conexi\u00f3n.<\/span><\/span><\/p>\n<p>&nbsp;<\/p>\n<p align=\"JUSTIFY\"><span style=\"font-family: Calibri, sans-serif;\"><span style=\"font-size: small;\">A los indignados los medios les han dado ese nombre a partir de un libro. A ellos que, supuestamente seg\u00fan esos mismos medios, no leen. Me refiero al libro de Stephan Hessel \u201c\u00a1Indignaros!\u201d. Se ha dicho que ese libro es un panfleto, a m\u00ed tambi\u00e9n me lo parece, pero a pesar de eso \u2013porque las cosas no son planas\u2013 creo que ha tenido la virtud de plantar un significante que ha mirado directamente a mucha gente. El \u201cindignaros\u201d ha funcionado como una pregunta, como una interpretaci\u00f3n: <em>Che vuoi<\/em>?, \u00bfqu\u00e9 quieres?<\/span><\/span><\/p>\n<p>&nbsp;<\/p>\n<p align=\"JUSTIFY\"><span style=\"font-family: Calibri, sans-serif;\"><span style=\"font-size: small;\">Una pregunta es, sobre todo, algo que se lee. Tiene la virtud transformadora de la lectura. Y es lo que hacen ahora estos ciudadanos: leer y leerse en la actualidad de lo que pasa. Y esto, venga lo que venga despu\u00e9s, ya ha cambiado las cosas. Lo que importa no es solo c\u00f3mo se alargar\u00e1 el movimiento, lo que cuenta es lo que ya ha dejado: ahora se sabe que se pueden abrir puertas y ventanas en ese muro que el sistema presenta como una pantalla cerrada y eterna.<\/span><\/span><\/p>\n<p>&nbsp;<\/p>\n<p align=\"JUSTIFY\"><span style=\"font-family: Calibri, sans-serif;\"><span style=\"font-size: small;\">As\u00ed se ha visto que la indignaci\u00f3n est\u00e1 pre\u00f1ada de dignidad, con ella los j\u00f3venes se han sacudido de encima los prejuicios, las etiquetas (no se interesan, no leen, se despreocupan\u2026). Y se ha podido ver que la dignidad y la autoestima no son para nada lo mismo.<\/span><\/span><\/p>\n<p>&nbsp;<\/p>\n<p align=\"JUSTIFY\"><span style=\"font-family: Calibri, sans-serif;\"><span style=\"font-size: small;\">La autoestima es la servidumbre voluntaria del yo. Es Narciso ahog\u00e1ndose en su estima de s\u00ed.<\/span><\/span><\/p>\n<p>&nbsp;<\/p>\n<p align=\"JUSTIFY\"><span style=\"font-family: Calibri, sans-serif;\"><span style=\"font-size: small;\">La autoestima es la servidumbre voluntaria del yo porque es la petrificaci\u00f3n del deseo, que implica siempre a otros. La autoestima es la propaganda del \u201cande yo caliente\u201d, la promoci\u00f3n del goce masturbatorio. Este es el n\u00facleo de la autoevaluaci\u00f3n. Y por esto la evaluaci\u00f3n mata. Mata lo m\u00e1s singular de cada uno, mata lo vivo: desde las poblaciones tomadas como cobayas por la industria farmace\u00fatica hasta la deforestaci\u00f3n del Amazonas. Y todo esto avanza impunemente mientras los ciudadanos dormimos despiertos.<\/span><\/span><\/p>\n<p>&nbsp;<\/p>\n<p align=\"JUSTIFY\"><span style=\"font-family: Calibri, sans-serif;\"><span style=\"font-size: small;\">Por esto los indignados han dicho \u201csi no nos dejais so\u00f1ar, no os dejaremos dormir\u201d, porque el sistema quiere que todos durmamos sin sue\u00f1os.<\/span><\/span><\/p>\n<p>&nbsp;<\/p>\n<p align=\"JUSTIFY\"><span style=\"font-family: Calibri, sans-serif;\"><span style=\"font-size: small;\">Para terminar, quiero dedicar un recuerdo a Jorge Sempr\u00fan. Quiero recordar su \u00faltima intervenci\u00f3n en Buchenwald, en abril de 2010, cuando termin\u00f3 enviando un saludo fraternal al chaval de 22 a\u00f1os que \u00e9l hab\u00eda sido, luchando para que no le destruyeran sus ilusiones, sus sue\u00f1os.<\/span><\/span><\/p>\n<p>&nbsp;<\/p>\n<p align=\"JUSTIFY\"><span style=\"font-family: Calibri, sans-serif;\"><span style=\"font-size: small;\">Los psicoanalistas tambi\u00e9n tenemos nuestros sue\u00f1os, como es querer llevar al psicoan\u00e1lisis a las puertas del siglo XXII.<\/span><\/span><\/p>\n<p>&nbsp;<\/p>\n<p align=\"JUSTIFY\"><span style=\"font-family: Calibri, sans-serif;\"><span style=\"font-size: small;\">Por eso hay que decir: No.\u00a0\u00a1No a los ladrones de sue\u00f1os!<\/span><\/span><\/p>\n<p>&nbsp;<\/p>\n<p lang=\"es\" align=\"JUSTIFY\"><span style=\"font-family: Calibri, sans-serif;\"><span style=\"font-size: small;\">Anna Arom\u00ed<\/span><\/span><\/p>\n<p>&nbsp;<\/p>\n<p lang=\"es\" align=\"JUSTIFY\"><span style=\"font-family: Calibri, sans-serif;\"><span style=\"font-size: small;\">Intervenci\u00f3n en el Foro \u201cLas servidumbres voluntarias\u201d<\/span><\/span><\/p>\n<p>&nbsp;<\/p>\n<p lang=\"es\" align=\"JUSTIFY\"><span style=\"font-family: Calibri, sans-serif;\"><span style=\"font-size: small;\">Madrid 11 junio 2011<\/span><\/span><\/p>\n<p>&nbsp;<\/p>\n<p align=\"JUSTIFY\">\n<p>&nbsp;<\/p>\n<p align=\"JUSTIFY\">\n<p>&nbsp;<\/p>\n<p align=\"JUSTIFY\">\n<p><span style=\"color: #222222; font-family: Arial; font-size: medium;\"><br \/>\n<\/span><\/p><\/blockquote>\n","protected":false},"excerpt":{"rendered":"<p>Insonmio por Anna Aromi<\/p>\n<p align=\"JUSTIFY\">Quiero hablarles de los indignados. Este es el nombre que los medios de comunicaci\u00f3n han dado a los participantes en el movimiento del 15-M. Esos ciudadanos que han tenido el m\u00e9rito, no menor, de devolver el uso y la memoria a las plazas de este pa\u00eds, record\u00e1ndoles que no por [&#8230;]<\/p>\n","protected":false},"author":9,"featured_media":5343,"comment_status":"closed","ping_status":"closed","sticky":false,"template":"","format":"standard","meta":{"_monsterinsights_skip_tracking":false,"_monsterinsights_sitenote_active":false,"_monsterinsights_sitenote_note":"","_monsterinsights_sitenote_category":0,"footnotes":""},"categories":[8],"tags":[418],"class_list":["post-5342","post","type-post","status-publish","format-standard","has-post-thumbnail","hentry","category-espanol","tag-anna-aromi"],"_links":{"self":[{"href":"https:\/\/lacanquotidien.fr\/blog\/wp-json\/wp\/v2\/posts\/5342","targetHints":{"allow":["GET"]}}],"collection":[{"href":"https:\/\/lacanquotidien.fr\/blog\/wp-json\/wp\/v2\/posts"}],"about":[{"href":"https:\/\/lacanquotidien.fr\/blog\/wp-json\/wp\/v2\/types\/post"}],"author":[{"embeddable":true,"href":"https:\/\/lacanquotidien.fr\/blog\/wp-json\/wp\/v2\/users\/9"}],"replies":[{"embeddable":true,"href":"https:\/\/lacanquotidien.fr\/blog\/wp-json\/wp\/v2\/comments?post=5342"}],"version-history":[{"count":5,"href":"https:\/\/lacanquotidien.fr\/blog\/wp-json\/wp\/v2\/posts\/5342\/revisions"}],"predecessor-version":[{"id":15631,"href":"https:\/\/lacanquotidien.fr\/blog\/wp-json\/wp\/v2\/posts\/5342\/revisions\/15631"}],"wp:featuredmedia":[{"embeddable":true,"href":"https:\/\/lacanquotidien.fr\/blog\/wp-json\/wp\/v2\/media\/5343"}],"wp:attachment":[{"href":"https:\/\/lacanquotidien.fr\/blog\/wp-json\/wp\/v2\/media?parent=5342"}],"wp:term":[{"taxonomy":"category","embeddable":true,"href":"https:\/\/lacanquotidien.fr\/blog\/wp-json\/wp\/v2\/categories?post=5342"},{"taxonomy":"post_tag","embeddable":true,"href":"https:\/\/lacanquotidien.fr\/blog\/wp-json\/wp\/v2\/tags?post=5342"}],"curies":[{"name":"wp","href":"https:\/\/api.w.org\/{rel}","templated":true}]}}