{"id":5431,"date":"2011-11-22T21:46:43","date_gmt":"2011-11-22T20:46:43","guid":{"rendered":"http:\/\/www.lacanquotidien.fr\/blog\/?p=5431"},"modified":"2011-12-08T08:06:09","modified_gmt":"2011-12-08T07:06:09","slug":"l%e2%80%99institut-hospitalier-soins-etudes-d%e2%80%99aubervilliers-suite","status":"publish","type":"post","link":"https:\/\/lacanquotidien.fr\/blog\/2011\/11\/l%e2%80%99institut-hospitalier-soins-etudes-d%e2%80%99aubervilliers-suite\/","title":{"rendered":"L\u2019Institut Hospitalier Soins Etudes d\u2019Aubervilliers (suite)"},"content":{"rendered":"<p align=\"CENTER\"><strong><span style=\"font-family: Calibri; color: #ff0000;\">\u00ab\u00a0Une admission extr\u00eame\u00a0\u00bb\u00a0<\/span><\/strong><em style=\"color: #0000ff; font-family: Calibri;\"><strong>par Yves-Claude Stavy<\/strong><\/em><\/p>\n<p align=\"JUSTIFY\"><span style=\"font-family: Calibri;\">Lise a \u00e9t\u00e9 accueillie, septembre 2009, en classe de seconde \u00e0 l\u2019Institut Hospitalier Soins Etudes d\u2019Aubervilliers. A bien des \u00e9gards, il s\u2019agissait d\u2019une admission \u2018extr\u00eame\u2019. <\/span>\u00a0<span style=\"font-family: Calibri;\">Mais pour qui s\u2019oriente dans sa pratique quotidienne avec Freud et Lacan, y a-t-il <\/span><span style=\"font-family: Calibri;\"><em>pari <\/em><\/span><span style=\"font-family: Calibri;\">qui ne doive accuser de r\u00e9ception de quelque <\/span><span style=\"font-family: Calibri;\"><em>extr\u00eame <\/em><\/span><span style=\"font-family: Calibri;\">\u00e0 nul autre pareil, \u00e0 la fois intime et \u2018<\/span><span style=\"font-family: Calibri;\"><em>exter\u2019<\/em><\/span><span style=\"font-family: Calibri;\"> au sujet lui-m\u00eame <\/span><span style=\"font-family: Calibri;\"><em>?<\/em><\/span><span style=\"font-family: Calibri;\"> \u00a0<!--more--><\/span><\/p>\n<p align=\"JUSTIFY\"><span style=\"font-family: Calibri;\"><em>Poursuivre des \u00e9tudes,<\/em><\/span> <span style=\"font-family: Calibri;\">relevait pour Lise d\u2019une position \u00e9thique <\/span><span style=\"font-family: Calibri;\"><em>incluant <\/em><\/span><span style=\"font-family: Calibri;\">de petites inventions hors du commun qui, jusqu\u2019alors, l\u2019avait tenue en vie. Ce n\u2019est pas qu\u2019\u00e9tudier f\u00fbt pour elle, chose ais\u00e9e\u00a0:\u00a0Lise, en effet, n\u2019a jamais bien compris le sens que produisent les mots\u00a0entre eux. Le sens commun, le \u2018<\/span><span style=\"font-family: Calibri;\"><em>bon sens\u2019,<\/em><\/span><span style=\"font-family: Calibri;\"> &#8211; celui par lequel, selon Lacan, \u2018la politique atteint son sommet de la futilit\u00e9\u2019 (1)-, ce <\/span><span style=\"font-family: Calibri;\"><em>bon sens,<\/em><\/span><span style=\"font-family: Calibri;\"> serin\u00e9 par les autres, Lise n\u2019en a pas l\u2019usage. Le malentendu du sens, lui est inconnu.\u00a0Lise ne s\u2019en plaint pas. Cela rel\u00e8ve pour elle, d\u2019un \u2018sans espoir\u2019 <\/span><span style=\"font-family: Calibri;\"><em>distinct<\/em><\/span><span style=\"font-family: Calibri;\"> de toute d\u00e9sesp\u00e9rance &#8230;\u00a0et dont Lise se \u2018d\u00e9brouille\u2019\u00a0: sp\u00e9cialement \u00e0 l\u2019\u00e9cole, par elle tr\u00e8s investie depuis la maternelle<\/span><span style=\"font-family: Calibri;\"><em>.<\/em><\/span><span style=\"font-family: Calibri;\"> C\u2019est que la m\u00e8re de Lise a interrompu sa propre scolarit\u00e9 au terme de sa troisi\u00e8me, &#8211; afin de s\u2019occuper d\u2019une s\u0153ur a\u00een\u00e9e, schizophr\u00e8ne. Cette femme voulut bien nous appendre ce qui s\u2019empara d\u2019elle, enceinte de Lise, au \u2018rendez-vous\u2019 d\u2019une \u00e9chographie\u00a0: \u2018l\u2019annonce\u2019 que <\/span><span style=\"font-family: Calibri;\"><em>c\u2019\u00e9tait une fille<\/em><\/span><span style=\"font-family: Calibri;\">, venant geler \u00e0 l\u2019instant, sur l\u2019\u00e9cran, l\u2019image vivante de son futur b\u00e9b\u00e9,\u00a0 &#8211; de crainte que sa fille ne f\u00fbt, <\/span><span style=\"font-family: Calibri;\"><em>elle aussi,<\/em><\/span><span style=\"font-family: Calibri;\"> schizophr\u00e8ne. <\/span><\/p>\n<p align=\"JUSTIFY\"><span style=\"font-family: Calibri;\">Lise, avec l\u2019\u00e9cole, invente du nouveau. D\u00e8s son plus jeune \u00e2ge, malgr\u00e9 de grandes difficult\u00e9s d\u2019orientation spatiale, elle rejoignait seule l\u2019\u00e9tablissement scolaire, m\u00e9morisant la forme de tel num\u00e9ro d\u2019immeuble, le graphe de telle enseigne\u00a0: autant de\u00a0 \u2018<em>petits posters perso\u2019 <\/em>(comme elle les appelle), lui indiquant <em>o\u00f9 tourner<\/em>. Son p\u00e8re, chauffeur de taxi, a toujours eu \u2018\u00e0 c\u0153ur\u2019 d\u2019avoir une fille \u2018d\u00e9brouillarde\u2019. Les cartes de routes singuli\u00e8res que Lise visualise \u2018par c\u0153ur\u2019, lui ont permis de circuler dans les \u00e9tudes\u2026 Du moins,\u00a0jusqu\u2019en troisi\u00e8me\u00a0: n\u2019ayant inqui\u00e9t\u00e9 personne, des ann\u00e9es durant, &#8211; pas plus \u00e0 l\u2019\u00e9cole que dans son entourage -, la jeune fille sage aux notes suffisamment bonnes, devint du jour au lendemain, <em>persona non grata<\/em> d\u2019un lyc\u00e9e soucieux du profil calibr\u00e9 des \u00e9l\u00e8ves, comme doit l\u2019\u00eatre toute entreprise commerciale, de ce d\u00e9but de si\u00e8cle. Cela faillit co\u00fbter la vie \u00e0 Lise, (comme nous le montrerons). <\/span><\/p>\n<p align=\"JUSTIFY\"><span style=\"font-family: Calibri;\">Dire \u2018oui\u2019 \u00e0 son admission \u00e0 l\u2019Institut Soins Etudes, a relev\u00e9, pour nous, d\u2019une\u00a0 urgence.\u00a0 Non pour soigner le \u2018<em>sans espoir\u2019<\/em> dont Lise est si sensible depuis sa tendre enfance ; mais afin de donner chance \u00e0 un <em>prolongement<\/em> in\u00e9dit de ce qu\u2019elle avait su produire jusqu\u2019alors, sur le chemin de l\u2019\u00e9cole\u00a0: pour <em>se faire une conduite<\/em>. <\/span><\/p>\n<p align=\"JUSTIFY\"><span style=\"font-family: Calibri;\">Lise fut accueillie \u00e0 l\u2019Institut, en qualit\u00e9 d\u2019interne. Apr\u00e8s 17 heures, elle \u2018rejoignait, seule\u2019, l\u2019Unit\u00e9 de nuit du service. C\u2019\u00e9tait une bonne \u00e9l\u00e8ve en math\u00e9matiques. Se d\u00e9brouiller avec les auteurs fran\u00e7ais du XVII\u00b0 si\u00e8cle, tenait par contre pour elle\u2026du casse-t\u00eate chinois\u00a0:\u00a0le professeur de lettres si enthousiaste de contribuer \u00e0 l\u2019exp\u00e9rience men\u00e9e \u00e0 Aubervilliers, \u00e9tait tout simplement catastroph\u00e9\u00a0!\u00a0\u00a0Apr\u00e8s plusieurs semaines d\u2019explications patientes des <em>Femmes savantes<\/em>, il dut, scrupules au ventre, coller un \u20181\u2019 \u00e0 la copie de la jeune fille.\u00a0 Ce fut \u00e0 Lise, alors, d\u2019expliquer \u2013 \u00f4 combien patiemment &#8211; \u00e0 son prof, \u00e9berlu\u00e9, que\u00a0:\u2019<em>1, c\u2019est pas z\u00e9ro\u2019,\u00a0\u00a0<\/em>qu\u2019elle saurait am\u00e9liorer ses rendus,\u00a0 et que <em>succ\u00e8deraient<\/em> d\u2019autres notes.\u00a0 Mais non, ce n\u2019\u00e9tait donc pas <em>Kant avec Sade,<\/em> c\u2019\u00e9tait\u00a0 <em>Lise avec Cantor\u00a0<\/em>! <\/span><\/p>\n<p align=\"JUSTIFY\">\u2018<span style=\"font-family: Calibri;\"><em>Tu devrais t\u2019orienter vers un cycle court\u2019,<\/em><\/span> <span style=\"font-family: Calibri;\">avait prof\u00e9r\u00e9 \u2018doctement\u2019 le professeur principal de la classe du lyc\u00e9e dont Lise fut exclue en juin 2009. Elle n\u2019avait alors \u00e9prouv\u00e9 nulle ranc\u0153ur envers le professeur\u00a0: \u2018l\u2019annonce\u2019, seulement, lui avait fait \u2018bizarre\u2019. De retour chez sa m\u00e8re, Lise s\u2019entailla gravement le bras\u00a0: \u2018<\/span><span style=\"font-family: Calibri;\"><em>regardant couler le sang, sans fin\u2019. <\/em><\/span><\/p>\n<p align=\"JUSTIFY\"><span style=\"font-family: Calibri;\">Durant l\u2019ann\u00e9e \u00e0 l\u2019Institut Soins \u00e9tudes, Lise, bien plut\u00f4t, affina sa mani\u00e8re de circuler\u2026\u00a0<em>dans son propre sympt\u00f4me\u00a0<\/em>! <\/span><\/p>\n<p align=\"JUSTIFY\"><span style=\"font-family: Calibri;\">Elle trouva la voie du secr\u00e9tariat\u00a0:\u00a0devant l\u2019<em>\u00e9cran <\/em>de son ordinateur, Lise n\u2019a pas sa pareille pour\u00a0 \u2018<em>couper &#8211; copier &#8211; coller\u2019<\/em>\u00a0 les fichiers les plus pertinents, &#8211; donnant vie, ainsi, aux dossiers les plus r\u00e9barbatifs. Ses performances fort appr\u00e9ci\u00e9es, ont diversifi\u00e9 ses liens sociaux.\u00a0Lise ne trouvait pas \u2018une place\u2019 dans <span style=\"text-decoration: underline;\">le<\/span> monde suppos\u00e9 d\u00e9j\u00e0 l\u00e0,\u00a0 c\u2019est <em><span style=\"text-decoration: underline;\">un<\/span><\/em><em> <\/em>monde qui venait \u00e0 na\u00eetre,\u00a0<em>second <\/em>\u00e0 <span style=\"text-decoration: underline;\">son<\/span> sympt\u00f4me! <\/span><\/p>\n<p align=\"JUSTIFY\"><span style=\"font-family: Calibri;\">La jeune fille a quitt\u00e9 l\u2019Institut en juin 2010, apr\u00e8s avoir r\u00e9ussi sa Seconde. Elle est actuellement en stage dans une biblioth\u00e8que, et continue \u00e0 venir en consultation.<\/span><\/p>\n<p>&nbsp;<\/p>\n<p>&nbsp;<\/p>\n","protected":false},"excerpt":{"rendered":"<p align=\"CENTER\">\u00ab\u00a0Une admission extr\u00eame\u00a0\u00bb\u00a0par Yves-Claude Stavy<\/p>\n<p align=\"JUSTIFY\">Lise a \u00e9t\u00e9 accueillie, septembre 2009, en classe de seconde \u00e0 l\u2019Institut Hospitalier Soins Etudes d\u2019Aubervilliers. A bien des \u00e9gards, il s\u2019agissait d\u2019une admission \u2018extr\u00eame\u2019. \u00a0Mais pour qui s\u2019oriente dans sa pratique quotidienne avec Freud et Lacan, y a-t-il pari qui ne doive accuser de r\u00e9ception de quelque [&#8230;]<\/p>\n","protected":false},"author":9,"featured_media":5433,"comment_status":"closed","ping_status":"closed","sticky":false,"template":"","format":"standard","meta":{"_monsterinsights_skip_tracking":false,"_monsterinsights_sitenote_active":false,"_monsterinsights_sitenote_note":"","_monsterinsights_sitenote_category":0,"footnotes":""},"categories":[536],"tags":[933,934,707,182],"class_list":["post-5431","post","type-post","status-publish","format-standard","has-post-thumbnail","hentry","category-invention-en-instituiton","tag-admission","tag-malentendu-du-sens","tag-schizophrenie","tag-yves-claude-stavy"],"_links":{"self":[{"href":"https:\/\/lacanquotidien.fr\/blog\/wp-json\/wp\/v2\/posts\/5431","targetHints":{"allow":["GET"]}}],"collection":[{"href":"https:\/\/lacanquotidien.fr\/blog\/wp-json\/wp\/v2\/posts"}],"about":[{"href":"https:\/\/lacanquotidien.fr\/blog\/wp-json\/wp\/v2\/types\/post"}],"author":[{"embeddable":true,"href":"https:\/\/lacanquotidien.fr\/blog\/wp-json\/wp\/v2\/users\/9"}],"replies":[{"embeddable":true,"href":"https:\/\/lacanquotidien.fr\/blog\/wp-json\/wp\/v2\/comments?post=5431"}],"version-history":[{"count":6,"href":"https:\/\/lacanquotidien.fr\/blog\/wp-json\/wp\/v2\/posts\/5431\/revisions"}],"predecessor-version":[{"id":6265,"href":"https:\/\/lacanquotidien.fr\/blog\/wp-json\/wp\/v2\/posts\/5431\/revisions\/6265"}],"wp:featuredmedia":[{"embeddable":true,"href":"https:\/\/lacanquotidien.fr\/blog\/wp-json\/wp\/v2\/media\/5433"}],"wp:attachment":[{"href":"https:\/\/lacanquotidien.fr\/blog\/wp-json\/wp\/v2\/media?parent=5431"}],"wp:term":[{"taxonomy":"category","embeddable":true,"href":"https:\/\/lacanquotidien.fr\/blog\/wp-json\/wp\/v2\/categories?post=5431"},{"taxonomy":"post_tag","embeddable":true,"href":"https:\/\/lacanquotidien.fr\/blog\/wp-json\/wp\/v2\/tags?post=5431"}],"curies":[{"name":"wp","href":"https:\/\/api.w.org\/{rel}","templated":true}]}}