{"id":5437,"date":"2011-11-22T22:26:36","date_gmt":"2011-11-22T21:26:36","guid":{"rendered":"http:\/\/www.lacanquotidien.fr\/blog\/?p=5437"},"modified":"2011-11-25T09:06:33","modified_gmt":"2011-11-25T08:06:33","slug":"isaac-babel-jean-michel-molkhou-uri-orlev-a-paris","status":"publish","type":"post","link":"https:\/\/lacanquotidien.fr\/blog\/2011\/11\/isaac-babel-jean-michel-molkhou-uri-orlev-a-paris\/","title":{"rendered":"Uri Orlev \u00e0 Paris puis Isaac Babel et Jean-Michel Molkhou"},"content":{"rendered":"<p><span style=\"font-family: Calibri, sans-serif;\"><span style=\"color: #222222;\"><span style=\"font-size: x-large;\"><strong>Tschann Libraire<\/strong><\/span><\/span><span style=\"color: #222222;\">\u00a0<\/span><span style=\"color: #222222;\"><span style=\"font-size: x-large;\"><strong>&amp; les Editions de l&rsquo;\u00e9clat<\/strong><\/span><\/span><\/span><\/p>\n<p align=\"CENTER\"><span style=\"color: #222222;\"><span style=\"font-family: Calibri, sans-serif;\"><span style=\"font-size: x-small;\"><span style=\"font-size: large;\"><strong>vous invitent \u00e0 rencontrer<\/strong><\/span><span style=\"font-size: x-large;\"><br \/>\n<\/span><span style=\"font-size: xx-large;\"><strong>Uri Orlev<br \/>\n<\/strong><\/span><span style=\"font-size: large;\"><strong>A l&rsquo;occasion de la parution des<\/strong><\/span><span style=\"font-size: large;\"><br \/>\n<\/span><span style=\"font-size: x-large;\">Po\u00e8mes \u00e9crits \u00e0 Bergen-Belsen en 1944, en sa treizi\u00e8me ann\u00e9e<br \/>\n<\/span><span style=\"font-size: large;\"><strong>Traduits par<\/strong><\/span><span style=\"font-size: large;\">\u00a0<\/span><span style=\"font-size: large;\"><strong>Sabine Huynh<\/strong><\/span><span style=\"font-size: medium;\">, <\/span><span style=\"font-size: medium;\"><strong>\u00e9galement pr\u00e9sente<\/strong><\/span><span style=\"font-size: medium;\"><br \/>\n<\/span><span style=\"font-size: x-large;\">le samedi 26 novembre 2011 \u00e0 19h<\/span><\/span><\/span><\/span><\/p>\n<p align=\"CENTER\"><span style=\"color: #222222;\"><span style=\"font-family: Calibri, sans-serif;\"><span style=\"font-size: x-large;\"><strong><br \/>\nTschann Libraire, la\u00a0Revue des Deux Mondes<br \/>\net les \u00e9ditions\u00a0Le Bruit du temps<\/strong><\/span><\/span><\/span><\/p>\n<p align=\"CENTER\"><span style=\"color: #222222;\"><span style=\"font-family: Calibri, sans-serif;\"><span style=\"font-size: x-small;\"><span style=\"font-size: large;\"><strong>sont heureux de vous inviter \u00e0 une rencontre autour de<\/strong><\/span><span style=\"font-size: x-large;\"><br \/>\n<\/span><span style=\"font-size: xx-large;\"><strong>Isaac Babel<br \/>\n<\/strong><\/span><span style=\"font-size: large;\"><strong>le jeudi 1<\/strong><\/span><span style=\"font-size: small;\"><strong>er\u00a0<\/strong><\/span><span style=\"font-size: large;\"><strong>d\u00e9cembre 2011 \u00e0 19h30<br \/>\n\u00e0 la librairie Tschann, 125 boulevard du Montparnasse, Paris Vi<\/strong><\/span><span style=\"font-size: small;\"><strong>e<br \/>\n<\/strong><\/span><span style=\"font-size: large;\"><strong>en pr\u00e9sence de\u00a0:<\/strong><\/span><span style=\"font-size: large;\"><br \/>\n<\/span><span style=\"font-size: large;\"><strong>Sophie Benech, traductrice des Oeuvres compl\u00e8tes d&rsquo;Isaac Babel<br \/>\nMichel Cr\u00e9pu, directeur de la Revue des Deux Mondes<br \/>\net Antoine Jaccottet, directeur des \u00e9ditions Le Bruit du temps<\/strong><\/span><\/span><\/span><\/span><\/p>\n<hr \/>\n<p style=\"text-align: center;\"><em style=\"color: #222222; font-family: Calibri, sans-serif; text-align: -webkit-center; font-size: x-large;\"><strong>LA LIBRAIRIE MUSiCALE FALADO, TSCHANN LIBRAIRE et les EDITIONS BUCHET CHASTEL<\/strong><\/em><\/p>\n<p align=\"CENTER\"><span style=\"color: #222222;\"><span style=\"font-family: Calibri, sans-serif;\"><span style=\"font-size: x-small;\"><span style=\"font-size: xx-large;\"><em><br \/>\n<\/em><\/span><span style=\"font-size: large;\"><strong>serait tr\u00e8s honor\u00e9e de votre pr\u00e9sence \u00e0 une d\u00e9dicace-cocktail<\/strong><\/span><\/span><\/span><\/span><\/p>\n<p><span style=\"font-size: x-large;\"><strong>l<\/strong><\/span><span style=\"font-size: large;\"><strong>e Vendredi 2 D\u00e9cembre 2011 \u00e0 partir de 18h30<\/strong><\/span><span style=\"font-size: large;\"><br \/>\n<\/span><span style=\"font-size: large;\"><strong><br \/>\n6 Rue L\u00e9opold Robert 75014 PARIS<\/strong><\/span><span style=\"font-size: xx-large;\"><strong><br \/>\n<\/strong><\/span><span style=\"font-size: x-large;\"><strong><br \/>\n\u00e0 l&rsquo;occasion de la Parution de l&rsquo;ouvrage de<br \/>\n<\/strong><\/span><span style=\"font-size: xx-large;\"><em><strong>Jean- Michel MOLKHOU<\/strong><\/em><\/span><span style=\"font-size: xx-large;\"><em><strong><br \/>\n<\/strong><\/em><\/span><span style=\"font-size: x-large;\"><em><strong><br \/>\nLes grands violonistes du XXe si\u00e8cle de Kreisler \u00e0 Kremer, 1875 &#8211; 1947<\/strong><\/em><\/span><\/p>\n<p align=\"CENTER\"><a href=\"http:\/\/www.lacanquotidien.fr\/blog\/wp-content\/uploads\/2011\/11\/images-temporaire.jpg\"><img loading=\"lazy\" decoding=\"async\" class=\"aligncenter size-full wp-image-5438\" title=\"images temporaire\" src=\"http:\/\/www.lacanquotidien.fr\/blog\/wp-content\/uploads\/2011\/11\/images-temporaire.jpg\" alt=\"\" width=\"185\" height=\"272\" \/><\/a><\/p>\n","protected":false},"excerpt":{"rendered":"<p>Tschann Libraire\u00a0&amp; les Editions de l&rsquo;\u00e9clat<\/p>\n<p align=\"CENTER\">vous invitent \u00e0 rencontrer<br \/> Uri Orlev<br \/> A l&rsquo;occasion de la parution des<br \/> Po\u00e8mes \u00e9crits \u00e0 Bergen-Belsen en 1944, en sa treizi\u00e8me ann\u00e9e<br \/> Traduits par\u00a0Sabine Huynh, \u00e9galement pr\u00e9sente<br \/> le samedi 26 novembre 2011 \u00e0 19h<\/p>\n<p align=\"CENTER\"> Tschann Libraire, la\u00a0Revue des Deux Mondes<br [...]\n<\/p>\n","protected":false},"author":9,"featured_media":5438,"comment_status":"closed","ping_status":"closed","sticky":false,"template":"","format":"standard","meta":{"_monsterinsights_skip_tracking":false,"_monsterinsights_sitenote_active":false,"_monsterinsights_sitenote_note":"","_monsterinsights_sitenote_category":0,"footnotes":""},"categories":[79],"tags":[986,987,985],"class_list":["post-5437","post","type-post","status-publish","format-standard","has-post-thumbnail","hentry","category-allonsy","tag-isaac-babel","tag-jean-michel-molkhlou","tag-uri-orlev"],"_links":{"self":[{"href":"https:\/\/lacanquotidien.fr\/blog\/wp-json\/wp\/v2\/posts\/5437","targetHints":{"allow":["GET"]}}],"collection":[{"href":"https:\/\/lacanquotidien.fr\/blog\/wp-json\/wp\/v2\/posts"}],"about":[{"href":"https:\/\/lacanquotidien.fr\/blog\/wp-json\/wp\/v2\/types\/post"}],"author":[{"embeddable":true,"href":"https:\/\/lacanquotidien.fr\/blog\/wp-json\/wp\/v2\/users\/9"}],"replies":[{"embeddable":true,"href":"https:\/\/lacanquotidien.fr\/blog\/wp-json\/wp\/v2\/comments?post=5437"}],"version-history":[{"count":5,"href":"https:\/\/lacanquotidien.fr\/blog\/wp-json\/wp\/v2\/posts\/5437\/revisions"}],"predecessor-version":[{"id":5574,"href":"https:\/\/lacanquotidien.fr\/blog\/wp-json\/wp\/v2\/posts\/5437\/revisions\/5574"}],"wp:featuredmedia":[{"embeddable":true,"href":"https:\/\/lacanquotidien.fr\/blog\/wp-json\/wp\/v2\/media\/5438"}],"wp:attachment":[{"href":"https:\/\/lacanquotidien.fr\/blog\/wp-json\/wp\/v2\/media?parent=5437"}],"wp:term":[{"taxonomy":"category","embeddable":true,"href":"https:\/\/lacanquotidien.fr\/blog\/wp-json\/wp\/v2\/categories?post=5437"},{"taxonomy":"post_tag","embeddable":true,"href":"https:\/\/lacanquotidien.fr\/blog\/wp-json\/wp\/v2\/tags?post=5437"}],"curies":[{"name":"wp","href":"https:\/\/api.w.org\/{rel}","templated":true}]}}