{"id":5522,"date":"2011-11-24T21:53:08","date_gmt":"2011-11-24T20:53:08","guid":{"rendered":"http:\/\/www.lacanquotidien.fr\/blog\/?p=5522"},"modified":"2011-12-08T08:06:30","modified_gmt":"2011-12-08T07:06:30","slug":"la-newsletter-de-linstitut-de-lenfant","status":"publish","type":"post","link":"https:\/\/lacanquotidien.fr\/blog\/2011\/11\/la-newsletter-de-linstitut-de-lenfant\/","title":{"rendered":"Le n\u00b03 de novembre des NEWS de l&rsquo;Institut de l&rsquo;Enfant est paru !"},"content":{"rendered":"<p align=\"JUSTIFY\"><span style=\"font-family: Calibri,sans-serif;\"><span style=\"font-size: small;\"><span style=\"font-size: large;\"><strong><span style=\"color: #ff0000;\">\u00c9ditorial<\/span> <em><span style=\"color: #0000ff;\">par Judith Miller<\/span><\/em><!--more--><\/strong><\/span><\/span><\/span><\/p>\n<p align=\"JUSTIFY\"><span style=\"font-family: Calibri, sans-serif;\"><span style=\"font-size: small;\">Merci \u00e0 ceux et celles qui font exister ce beau projet qu&rsquo;est <strong>l&rsquo;Institut de l&rsquo;Enfant<\/strong>, qu&rsquo;anime, avec son Comit\u00e9 d&rsquo;initiative, Daniel Roy.<br \/>\nCe troisi\u00e8me num\u00e9ro ne manque pas de d\u00e9montrer quelle puissante arme peut \u00eatre cet Institut et combien notre responsabilit\u00e9 est grande \u00e0 l&rsquo;endroit de la psychanalyse, des enfants et des jeunes, et de soi-m\u00eame pour chacun d&rsquo;entre nous.<br \/>\n\u00c0 nous de convaincre ce dont nous sommes convaincus, de le v\u00e9rifier, de le transmettre : un enfant n&rsquo;est pas un objet, il s&rsquo;\u00e9duque lui-m\u00eame et l&rsquo;\u00e9nonce, l&rsquo;exprime &#8211; dans son corps, ses cris, ses silences, ses refus, ses consentements, ses joies, ses peurs, ses initiatives, contrari\u00e9es ou pas.<br \/>\nLa t\u00e2che de l&rsquo;Institut de l&rsquo;Enfant est apparemment simple qui tient \u00e0 rendre compte du savoir de chacun. Il suffit d&rsquo;offrir \u00e0 ces chacun l&rsquo;occasion de dire ce que porte et comporte ce savoir, et de l&rsquo;\u00e9couter sans y plaquer quelque\u00a0<em>Weltanschauung <\/em>d&rsquo;aucune sorte. Celle qui envahit le monde contemporain est anonyme sous pr\u00e9texte d&rsquo;efficacit\u00e9 et d&rsquo;objectivit\u00e9. Les analystes ne sont pas seuls \u00e0 la limiter, du seul fait d&rsquo;ouvrir un espace \u00e0 l&rsquo;\u00e9nonciation et d&rsquo;y contribuer de fa\u00e7on r\u00e9aliste et d\u00e9termin\u00e9e. S&rsquo;ils formulent ce qu&rsquo;ils apprennent, ils d\u00e9compl\u00e8tent alors un totalitarisme insinuant dont les formes doucereuse ne voilent ni la violence ni la cruaut\u00e9, extr\u00eames dans leurs illusions m\u00eames.<\/span><\/span><\/p>\n<p align=\"JUSTIFY\"><span style=\"font-family: Calibri, sans-serif;\"><span style=\"font-size: small;\"><span style=\"font-size: large;\"><strong><span style=\"color: #ff0000;\">L&rsquo;enfant et son \u00e9ducation<\/span> <em><span style=\"color: #0000ff;\">par Agn\u00e8s Giraudel<\/span><\/em><\/strong><\/span><\/span><\/span><\/p>\n<p align=\"JUSTIFY\"><span style=\"font-family: Georgia, serif;\"><span style=\"font-size: x-small;\"><span style=\"font-family: Calibri, sans-serif;\"><span style=\"font-size: small;\">La rubrique\u00a0<\/span><\/span><span style=\"font-family: Calibri, sans-serif;\"><span style=\"font-size: small;\"><em>L&rsquo;enfant et son \u00e9ducation<\/em><\/span><\/span><span style=\"font-family: Calibri, sans-serif;\"><span style=\"font-size: small;\">\u00a0contribue aux travaux de l&rsquo;Institut psychanalytique de l&rsquo;Enfant selon l&rsquo;approche interdisciplinaire orient\u00e9e par la psychanalyse, qui, depuis 1996, caract\u00e9rise les travaux du Centre Interdisciplinaire sur l&rsquo;ENfant (cien).\u00a0<\/span><\/span><\/span><\/span><\/p>\n<p align=\"JUSTIFY\"><span style=\"font-family: Georgia, serif;\"><span style=\"font-size: x-small;\"><span style=\"font-family: Calibri, sans-serif;\"><span style=\"font-size: small;\">Nombreux sont les adultes qui accompagnent l&rsquo;enfant dans sa t\u00e2che de grandir. Outre ses parents, il y a ceux qui, de la cr\u00e8che \u00e0 l&rsquo;universit\u00e9, le gardent, le surveillent, l&rsquo;\u00e9veillent et l&rsquo;enseignent sur les plans scolaires, sportifs, artistiques\u2026 Il y a \u00e9galement ceux qui, dans divers lieux \u2013 infirmerie, cabinet m\u00e9dical, h\u00f4pital,\u00a0 etc. \u2013 veillent sur son corps et le soignent, ou ceux qui lui font offre de parole pour traiter ses difficult\u00e9s. Il faut y ajouter ceux qui l&rsquo;orientent, le prot\u00e8gent, l&rsquo;accueillent, le sanctionnent parfois, lorsqu&rsquo;aux yeux de la loi se produit, pour lui ou son entourage, un d\u00e9rapage.\u00a0<\/span><\/span><\/span><\/span><\/p>\n<p align=\"JUSTIFY\"><span style=\"font-family: Georgia, serif;\"><span style=\"font-size: x-small;\"><span style=\"font-family: Calibri, sans-serif;\"><span style=\"font-size: small;\">Cette rubrique s&rsquo;adresse \u00e0 ces adultes qui interviennent dans l&rsquo;\u00e9ducation d&rsquo;un enfant.\u00a0<\/span><\/span><\/span><\/span><\/p>\n<p align=\"JUSTIFY\"><span style=\"font-family: Georgia, serif;\"><span style=\"font-size: x-small;\"><span style=\"font-family: Calibri, sans-serif;\"><span style=\"font-size: small;\">Sur le th\u00e8me de travail de l&rsquo;ann\u00e9e \u2013\u00a0<\/span><\/span><span style=\"font-family: Calibri, sans-serif;\"><span style=\"font-size: small;\"><em>Sur l&rsquo;\u00e9ducation \u2013<\/em><\/span><\/span><span style=\"font-family: Calibri, sans-serif;\"><span style=\"font-size: small;\">, elle accueille leurs textes qui \u00e9clairent, interrogent les \u00e9volutions de leurs disciplines et font valoir comment la psychanalyse plac\u00e9e au c\u0153ur de diff\u00e9rents discours parvient \u00e0 ouvrir un espace o\u00f9 peut s&rsquo;\u00e9laborer un savoir in\u00e9dit, au plus pr\u00e8s de ce qui surgit pour un enfant et ses partenaires.<\/span><\/span><\/span><\/span><\/p>\n<p align=\"JUSTIFY\"><span style=\"font-family: Georgia, serif;\"><span style=\"font-size: x-small;\"><span style=\"font-family: Calibri, sans-serif;\"><span style=\"font-size: small;\">Ces textes (3000 signes espaces compris maximum pour la Newsletter \/ 8000 pour le site) sont \u00e0 adresser \u00e0\u00a0:\u00a0<\/span><\/span><a href=\"mailto:agnes.giraudel@libertysurf.fr\"><span style=\"color: #663399;\"><span style=\"font-family: Calibri, sans-serif;\"><span style=\"font-size: small;\">agnes.giraudel@libertysurf.fr<\/span><\/span><\/span><\/a><span style=\"font-family: Calibri, sans-serif;\"><span style=\"font-size: small;\">.<\/span><\/span><\/span><\/span><\/p>\n<h1><span style=\"font-family: Calibri, sans-serif;\"><span style=\"font-size: small;\">\u00c1 suivre\u00a0: <\/span><\/span><\/h1>\n<p align=\"JUSTIFY\"><span style=\"font-family: Georgia, serif;\"><span style=\"font-size: x-small;\"><span style=\"font-family: Calibri, sans-serif;\"><span style=\"font-size: small;\"><span style=\"color: #ff0000;\">Sur le site UFORCA pour l&rsquo;Universit\u00e9 Populaire Jacques Lacan FORCA, on consultera la page d\u00e9di\u00e9e \u00e0<\/span><a href=\"http:\/\/www.lacan-universite.fr\/?page_id=1989\"> l&rsquo;Institut de l&rsquo;Enfant. <\/a><\/span><\/span><\/span><\/span><\/p>\n<p align=\"JUSTIFY\"><span style=\"font-family: Georgia, serif;\"><span style=\"font-size: x-small;\"><span style=\"font-family: Calibri, sans-serif;\"><span style=\"font-size: small;\"><span style=\"color: #ff0000;\">Sur cette page, vous pourrez vous abonner \u00e0<\/span> <a href=\"http:\/\/www.lacan-universite.fr\/?page_id=1999\">la newsletter de l&rsquo;Institut de l&rsquo;enfant.<\/a>\u00a0<\/span><\/span><\/span><\/span><\/p>\n","protected":false},"excerpt":{"rendered":"<p align=\"JUSTIFY\">\u00c9ditorial par Judith Miller<\/p>\n","protected":false},"author":9,"featured_media":5523,"comment_status":"closed","ping_status":"closed","sticky":false,"template":"","format":"standard","meta":{"_monsterinsights_skip_tracking":false,"_monsterinsights_sitenote_active":false,"_monsterinsights_sitenote_note":"","_monsterinsights_sitenote_category":0,"footnotes":""},"categories":[13,568],"tags":[951,952,674,36,953],"class_list":["post-5522","post","type-post","status-publish","format-standard","has-post-thumbnail","hentry","category-petitegirafe","category-vientdeparaitre","tag-agnes-giraudel","tag-education","tag-institut-de-lenfant","tag-judith-miller","tag-savoir-inedit"],"_links":{"self":[{"href":"https:\/\/lacanquotidien.fr\/blog\/wp-json\/wp\/v2\/posts\/5522","targetHints":{"allow":["GET"]}}],"collection":[{"href":"https:\/\/lacanquotidien.fr\/blog\/wp-json\/wp\/v2\/posts"}],"about":[{"href":"https:\/\/lacanquotidien.fr\/blog\/wp-json\/wp\/v2\/types\/post"}],"author":[{"embeddable":true,"href":"https:\/\/lacanquotidien.fr\/blog\/wp-json\/wp\/v2\/users\/9"}],"replies":[{"embeddable":true,"href":"https:\/\/lacanquotidien.fr\/blog\/wp-json\/wp\/v2\/comments?post=5522"}],"version-history":[{"count":11,"href":"https:\/\/lacanquotidien.fr\/blog\/wp-json\/wp\/v2\/posts\/5522\/revisions"}],"predecessor-version":[{"id":6267,"href":"https:\/\/lacanquotidien.fr\/blog\/wp-json\/wp\/v2\/posts\/5522\/revisions\/6267"}],"wp:featuredmedia":[{"embeddable":true,"href":"https:\/\/lacanquotidien.fr\/blog\/wp-json\/wp\/v2\/media\/5523"}],"wp:attachment":[{"href":"https:\/\/lacanquotidien.fr\/blog\/wp-json\/wp\/v2\/media?parent=5522"}],"wp:term":[{"taxonomy":"category","embeddable":true,"href":"https:\/\/lacanquotidien.fr\/blog\/wp-json\/wp\/v2\/categories?post=5522"},{"taxonomy":"post_tag","embeddable":true,"href":"https:\/\/lacanquotidien.fr\/blog\/wp-json\/wp\/v2\/tags?post=5522"}],"curies":[{"name":"wp","href":"https:\/\/api.w.org\/{rel}","templated":true}]}}