{"id":5729,"date":"2011-11-26T01:04:54","date_gmt":"2011-11-26T00:04:54","guid":{"rendered":"http:\/\/www.lacanquotidien.fr\/blog\/?p=5729"},"modified":"2011-12-08T08:06:57","modified_gmt":"2011-12-08T07:06:57","slug":"lacan-quotidien-n%c2%b099-retranscription-inedite-dune-intervention-de-j-a-miller-suivie-de-quelle-humanite-pour-ce-siecle-par-philippe-la-sagna","status":"publish","type":"post","link":"https:\/\/lacanquotidien.fr\/blog\/2011\/11\/lacan-quotidien-n%c2%b099-retranscription-inedite-dune-intervention-de-j-a-miller-suivie-de-quelle-humanite-pour-ce-siecle-par-philippe-la-sagna\/","title":{"rendered":"Lacan Quotidien n\u00b099 &#8211; Retranscription in\u00e9dite d&rsquo;une intervention de J.-A. Miller, suivie de \u00ab\u00a0Quelle humanit\u00e9 pour ce si\u00e8cle ?\u00a0\u00bb Par Philippe La Sagna"},"content":{"rendered":"<p><a href=\"http:\/\/www.lacanquotidien.fr\/blog\/wp-content\/uploads\/2011\/11\/LQ991.pdf\">LQ99<\/a>\u2190Pour consulter le num\u00e9ro, veuillez cliquer sur ce lien<!--more--><\/p>\n<p style=\"text-align: center;\" align=\"center\">SOMMAIRE<\/p>\n<p style=\"text-align: center;\" align=\"center\">\u25aa Premiers arpentages du S\u00e9minaire V \u25aa<\/p>\n<p style=\"text-align: center;\"><span style=\"color: #ff0000;\">Jacques-Alain Miller<\/span><\/p>\n<p style=\"text-align: center;\" align=\"center\">\u25aa CHRONIQUE \u25aa<\/p>\n<p style=\"text-align: center;\" align=\"center\"><span style=\"color: #0000ff;\">Culture et clinique <\/span><span style=\"color: #ff0000;\"><em>par Philippe La Sagna<\/em><\/span><\/p>\n<p style=\"text-align: center;\" align=\"center\">Quelle humanit\u00e9 pour ce si\u00e8cle\u00a0?<\/p>\n<p style=\"text-align: center;\" align=\"center\">\u25aa CHRONIQUE \u25aa<\/p>\n<p style=\"text-align: center;\" align=\"center\"><span style=\"color: #0000ff;\">EZER KE NEGDO&#8212;AIDE-CONTRE-<\/span>&#8212;<span style=\"color: #0000ff;\">\u05e2\u05d6\u05e8 \u05db\u05e0\u05d2\u05d3\u05d5<\/span> \u00a0<span style=\"color: #ff0000;\">Par <em>Marco Mauas<\/em><\/span><\/p>\n<p style=\"text-align: center;\">Dieu est inconscient, m\u00eame pour les sp\u00e9cialistes en g\u00e9n\u00e9tique<\/p>\n<p>&nbsp;<\/p>\n","protected":false},"excerpt":{"rendered":"<p><a href=\"http:\/\/www.lacanquotidien.fr\/blog\/wp-content\/uploads\/2011\/11\/LQ991.pdf\">LQ99<\/a>\u2190Pour consulter le num\u00e9ro, veuillez cliquer sur ce lien<\/p>\n","protected":false},"author":9,"featured_media":5740,"comment_status":"closed","ping_status":"closed","sticky":false,"template":"","format":"standard","meta":{"_monsterinsights_skip_tracking":false,"_monsterinsights_sitenote_active":false,"_monsterinsights_sitenote_note":"","_monsterinsights_sitenote_category":0,"footnotes":""},"categories":[27],"tags":[89,37,105,66],"class_list":["post-5729","post","type-post","status-publish","format-standard","has-post-thumbnail","hentry","category-lq-lacanquotidien","tag-jacques-lacan","tag-jacques-alain-miller","tag-lacan-quotidien","tag-philippe-la-sagna"],"_links":{"self":[{"href":"https:\/\/lacanquotidien.fr\/blog\/wp-json\/wp\/v2\/posts\/5729","targetHints":{"allow":["GET"]}}],"collection":[{"href":"https:\/\/lacanquotidien.fr\/blog\/wp-json\/wp\/v2\/posts"}],"about":[{"href":"https:\/\/lacanquotidien.fr\/blog\/wp-json\/wp\/v2\/types\/post"}],"author":[{"embeddable":true,"href":"https:\/\/lacanquotidien.fr\/blog\/wp-json\/wp\/v2\/users\/9"}],"replies":[{"embeddable":true,"href":"https:\/\/lacanquotidien.fr\/blog\/wp-json\/wp\/v2\/comments?post=5729"}],"version-history":[{"count":7,"href":"https:\/\/lacanquotidien.fr\/blog\/wp-json\/wp\/v2\/posts\/5729\/revisions"}],"predecessor-version":[{"id":6269,"href":"https:\/\/lacanquotidien.fr\/blog\/wp-json\/wp\/v2\/posts\/5729\/revisions\/6269"}],"wp:featuredmedia":[{"embeddable":true,"href":"https:\/\/lacanquotidien.fr\/blog\/wp-json\/wp\/v2\/media\/5740"}],"wp:attachment":[{"href":"https:\/\/lacanquotidien.fr\/blog\/wp-json\/wp\/v2\/media?parent=5729"}],"wp:term":[{"taxonomy":"category","embeddable":true,"href":"https:\/\/lacanquotidien.fr\/blog\/wp-json\/wp\/v2\/categories?post=5729"},{"taxonomy":"post_tag","embeddable":true,"href":"https:\/\/lacanquotidien.fr\/blog\/wp-json\/wp\/v2\/tags?post=5729"}],"curies":[{"name":"wp","href":"https:\/\/api.w.org\/{rel}","templated":true}]}}