{"id":5757,"date":"2011-12-24T18:47:03","date_gmt":"2011-12-24T17:47:03","guid":{"rendered":"http:\/\/www.lacanquotidien.fr\/blog\/?p=5757"},"modified":"2012-01-29T12:45:46","modified_gmt":"2012-01-29T11:45:46","slug":"retrospective-diane-arbus-au-jeu-de-paume-paris","status":"publish","type":"post","link":"https:\/\/lacanquotidien.fr\/blog\/2011\/12\/retrospective-diane-arbus-au-jeu-de-paume-paris\/","title":{"rendered":"R\u00e9trospective Diane Arbus au Jeu de Paume, Paris"},"content":{"rendered":"<p style=\"text-align: center;\" align=\"JUSTIFY\"><span style=\"color: #ff0000;\"><span style=\"font-family: Calibri, sans-serif;\"><span style=\"font-size: medium;\"><strong>R\u00e9trospective\u00a0<\/strong><\/span><\/span><\/span>\u00a0\u00a0<strong style=\"color: #333333; font-family: gotmed, verdana, arial, sans-serif; font-size: medium;\"><span style=\"color: #000000;\"><span style=\"font-family: Calibri, sans-serif;\"><a href=\"http:\/\/www.jeudepaume.org\/index.php?page=article&amp;idArt=1470&amp;lieu=1\">Diane Arbus<\/a>\u00a0au Jeu de paume du 18 octobre au 05 f\u00e9vrier 2012<\/span><\/span><\/strong><\/p>\n<p style=\"text-align: center;\" align=\"JUSTIFY\"><span style=\"color: #ff0000;\"><span style=\"font-family: Calibri, sans-serif;\"><span style=\"font-size: medium;\"><span style=\"font-weight: bold;\"><span style=\"color: #0000ff;\"><span style=\"font-family: Calibri, sans-serif;\"><br \/>\n<!--more--><\/span><\/span><\/span><\/span><\/span><\/span><\/p>\n<p align=\"JUSTIFY\"><span style=\"font-family: Calibri, sans-serif; font-size: x-small;\"><strong><br \/>\n<\/strong><\/span><\/p>\n<div id=\"attachment_5759\" style=\"width: 160px\" class=\"wp-caption alignleft\"><a href=\"http:\/\/www.lacanquotidien.fr\/blog\/wp-content\/uploads\/2011\/11\/Young-man.jpg\"><img loading=\"lazy\" decoding=\"async\" aria-describedby=\"caption-attachment-5759\" class=\"size-thumbnail wp-image-5759\" title=\"Young man\" src=\"http:\/\/www.lacanquotidien.fr\/blog\/wp-content\/uploads\/2011\/11\/Young-man-150x150.jpg\" alt=\"\" width=\"150\" height=\"150\" \/><\/a><p id=\"caption-attachment-5759\" class=\"wp-caption-text\">Copyright \u00a9 1972 The Estate of Diane Arbus, LLC<\/p><\/div>\n<p align=\"JUSTIFY\"><span class=\"Apple-style-span\" style=\"font-family: Calibri, sans-serif; font-size: small;\">Le Jeu de paume pr\u00e9sente du 18 octobre 2011 au 5 f\u00e9vrier 2012, la premi\u00e8re r\u00e9trospective fran\u00e7aise consacr\u00e9e \u00e0 <a href=\"http:\/\/diane-arbus-photography.com\/\" target=\"_blank\">Diane Arbus<\/a>. L\u2019\u0153uvre de Diane Arbus, photographe am\u00e9ricaine install\u00e9e \u00e0 New-York,\u00a0est mondialement connue pour ses portraits. Parmi les plus c\u00e9l\u00e8bres, on se souvient de <a href=\"http:\/\/29.media.tumblr.com\/tumblr_ky2f3whsNV1qb64v2o1_500.jpg\" target=\"_blank\">\u00a0<\/a><\/span><span style=\"font-family: Calibri, sans-serif; font-size: small;\"><em><a href=\"http:\/\/29.media.tumblr.com\/tumblr_ky2f3whsNV1qb64v2o1_500.jpg\" target=\"_blank\">A Young Man in Curlers at Home on West 20th Street, N.Y.C. 1966<\/a><\/em><\/span><span style=\"font-family: Calibri, sans-serif; font-size: small;\"><a href=\"http:\/\/29.media.tumblr.com\/tumblr_ky2f3whsNV1qb64v2o1_500.jpg\" target=\"_blank\">\u00a0<\/a>(<\/span><em><span style=\"font-family: Calibri, sans-serif; font-size: small; color: #333333;\">Jeune <\/span><\/em><span style=\"font-family: Calibri, sans-serif; font-size: small;\"><em>homme en bigoudis chez lui<\/em>, 20e Rue, N.Y.C. 1966)<\/span><span style=\"font-family: Calibri, sans-serif; font-size: small; color: #333333;\">. O<\/span><span class=\"Apple-style-span\" style=\"font-family: Calibri, sans-serif; font-size: small;\">u encore<a href=\"http:\/\/patenteux.com\/blog\/wp-content\/uploads\/2011\/02\/IMAGE0004-1017x1024.jpg\">\u00a0<\/a><\/span><span style=\"font-family: Calibri, sans-serif; font-size: small;\"><em><a href=\"http:\/\/patenteux.com\/blog\/wp-content\/uploads\/2011\/02\/IMAGE0004-1017x1024.jpg\" target=\"_blank\">Identical Twins, Roselle, New Jersey, 1967<\/a>\u00a0(jumelles identiques, <\/em>Roselle, New-Jersey, 1967<em>) <\/em><\/span><span style=\"font-family: Calibri, sans-serif; font-size: small;\">dont Stanley Kubrick s&rsquo;inspirera pour son film<a href=\"http:\/\/cfs9.tistory.com\/image\/5\/tistory\/2008\/07\/20\/16\/39\/4882ebb9012f3\"> The Shining<\/a>.\u00a0<\/span><span style=\"font-family: Calibri, sans-serif; font-size: small;\">Cette r\u00e9trospective propose plus de deux cents clich\u00e9s dont un nombre important sont expos\u00e9s pour la premi\u00e8re fois en France. Ils permettent de saisir, depuis ses d\u00e9buts, la construction et les d\u00e9veloppements d&rsquo;un style tr\u00e8s singulier. Diane Arbus \u00e9nonce un point de d\u00e9part au moment o\u00f9 elle obtient<\/span><\/p>\n<div id=\"attachment_5760\" style=\"width: 200px\" class=\"wp-caption alignright\"><a href=\"http:\/\/www.lacanquotidien.fr\/blog\/wp-content\/uploads\/2011\/11\/Twins.jpg\"><img loading=\"lazy\" decoding=\"async\" aria-describedby=\"caption-attachment-5760\" class=\"size-full wp-image-5760\" title=\"Twins\" src=\"http:\/\/www.lacanquotidien.fr\/blog\/wp-content\/uploads\/2011\/11\/Twins.jpg\" alt=\"\" width=\"190\" height=\"192\" \/><\/a><p id=\"caption-attachment-5760\" class=\"wp-caption-text\">Copyright \u00a9 1972 The Estate of Diane Arbus, LLC<\/p><\/div>\n<p align=\"JUSTIFY\"><span style=\"font-family: Calibri, sans-serif; font-size: small;\">des bourses de la fondation Guggenheim en 1963 pour des projets sur les \u00ab Rites, mani\u00e8res et coutumes d\u2019Am\u00e9rique \u00bb: <\/span><span style=\"font-family: Calibri, sans-serif; font-size: small;\"><span>\u00ab\u00a0Je veux photographier les c\u00e9r\u00e9monies formidables de notre temps parce que nous avons tendance, en vivant ici et maintenant, \u00e0 ne percevoir que ce qu\u2019il y\u00a0a d\u2019al\u00e9atoire et d\u2019aride et d\u2019informe. Pendant que nous regrettons que le pr\u00e9sent ne soit pas comme le pass\u00e9 et que nous d\u00e9sesp\u00e9rons qu\u2019il ne devienne jamais le futur, ses innombrables habitudes attendant toujours de d\u00e9couvrir leur signification. (&#8230;)\u00bb, \u00ab\u00a0Ce sont nos sympt\u00f4mes et nos monuments. Je veux simplement les sauvegarder, car ce qui est c\u00e9r\u00e9moniel et curieux et banal deviendra l\u00e9gendaire.\u00bb. Cette d\u00e9marche, elle l&rsquo;applique aux sc\u00e8nes de la vie quotidienne am\u00e9ricaine puis elle la met en acte en parcourant la ville de New-York aupr\u00e8s de ce qu&rsquo;elle nomme \u00ab\u00a0le pinacle pr\u00e9caire du paysage humain\u00a0\u00bb. De jour et surtout de nuit, bard\u00e9e d\u2019appareils photos et plus que tout, arm\u00e9e d&rsquo;un d\u00e9sir sans faille pour obtenir \u00ab\u00a0le\u00a0\u00bb bon clich\u00e9, Diane Arbus entreprend de fixer dans le cadre l&rsquo;\u00e9trange fascination que suscite les freaks, ceux-l\u00e0 m\u00eame qu&rsquo;elle avait d\u00e9couvert dans le film \u00e9ponyme de <a href=\"http:\/\/www.youtube.com\/watch?v=vJVXTKkjsxA\">Tod Browning<\/a>.\u00a0<\/span><\/span><span class=\"Apple-style-span\" style=\"font-family: Calibri, sans-serif; font-size: small;\">Son mode op\u00e9ratoire vise \u00e0 s&rsquo;approcher au plus pr\u00e8s de son mod\u00e8le pour lever le voile des identifications et saisir ce qui de l&rsquo;objet est hors-champ. L&rsquo;engagement est radical. Diane Arbus se dit pr\u00eate \u00ab\u00a0\u00e0 perdre [sa] vertu, ou tout du moins ce qu&rsquo;il en reste\u00a0\u00bb pour \u00e9lucider \u00ab\u00a0le secret du champ visuel\u00a0\u00bb(1).<\/span><\/p>\n<p align=\"JUSTIFY\"><span style=\"color: #000000;\"><span style=\"font-family: Calibri, sans-serif;\"><span style=\"font-size: small;\">Signalons, qu&rsquo;\u00e0 l&rsquo;occasion de cette r\u00e9trospective, Le Jeu de paume en collaboration avec les \u00e9ditions de la<a href=\"http:\/\/www.jeudepaume.org\/index.php?page=article&amp;idArt=1589\" target=\"_blank\"><img loading=\"lazy\" decoding=\"async\" class=\"size-thumbnail wp-image-5762 alignleft\" title=\"Arbus_Catalogue\" src=\"http:\/\/www.lacanquotidien.fr\/blog\/wp-content\/uploads\/2011\/11\/Arbus_Catalogue-150x150.jpg\" alt=\"\" width=\"150\" height=\"150\" \/><\/a> Martini\u00e8re, The Estate Diane Arbus LLC, New York, du Fotomuseum Winterthur, du Martin-Gropius-Bau Berlin et du Foam Fotografiemuseum Amsterdam, publient <em>Diane Arbus, une chronologie<\/em>. Le livre pr\u00e9sente au travers de la correspondance de Diane Arbus, de ses notes personnelles, son cheminement artistique.<\/span><\/span><\/span><\/p>\n<p><span style=\"color: #000000;\"><span style=\"font-family: Calibri, sans-serif;\"><span style=\"font-size: small;\">(1) Jacques-Alain Miller, <em>Le secret du champ visuel<\/em>, La petite Girafe, Bulletin de liaison de la Diagonale francophone du Nouveau R\u00e9seau CEREDA, N\u00b05, Mai 1996, pp.5<\/span><\/span><\/span><\/p>\n<p><strong><strong><strong>Pr\u00e9sentation p<\/strong>ar Victor Rodriguez<\/strong><\/strong><\/p>\n<p align=\"JUSTIFY\"><span style=\"font-family: Calibri, sans-serif; font-size: xx-small;\"><br \/>\n<\/span><\/p>\n<div id=\"sdfootnote1\">\n<p><a name=\"sdfootnote1sym\" href=\"#sdfootnote1anc\"><\/a><\/p>\n<\/div>\n","protected":false},"excerpt":{"rendered":"<p style=\"text-align: center;\" align=\"JUSTIFY\">R\u00e9trospective\u00a0\u00a0\u00a0<a href=\"http:\/\/www.jeudepaume.org\/index.php?page=article&amp;idArt=1470&amp;lieu=1\">Diane Arbus<\/a>\u00a0au Jeu de paume du 18 octobre au 05 f\u00e9vrier 2012<\/p>\n<p style=\"text-align: center;\" align=\"JUSTIFY\"> <\/p>\n","protected":false},"author":9,"featured_media":5760,"comment_status":"closed","ping_status":"closed","sticky":false,"template":"","format":"standard","meta":{"_monsterinsights_skip_tracking":false,"_monsterinsights_sitenote_active":false,"_monsterinsights_sitenote_note":"","_monsterinsights_sitenote_category":0,"footnotes":""},"categories":[79],"tags":[1031,677,1030,1032,1029,786],"class_list":["post-5757","post","type-post","status-publish","format-standard","has-post-thumbnail","hentry","category-allonsy","tag-art","tag-artiste","tag-diane-arbus","tag-exposition","tag-photographie","tag-regard"],"_links":{"self":[{"href":"https:\/\/lacanquotidien.fr\/blog\/wp-json\/wp\/v2\/posts\/5757","targetHints":{"allow":["GET"]}}],"collection":[{"href":"https:\/\/lacanquotidien.fr\/blog\/wp-json\/wp\/v2\/posts"}],"about":[{"href":"https:\/\/lacanquotidien.fr\/blog\/wp-json\/wp\/v2\/types\/post"}],"author":[{"embeddable":true,"href":"https:\/\/lacanquotidien.fr\/blog\/wp-json\/wp\/v2\/users\/9"}],"replies":[{"embeddable":true,"href":"https:\/\/lacanquotidien.fr\/blog\/wp-json\/wp\/v2\/comments?post=5757"}],"version-history":[{"count":29,"href":"https:\/\/lacanquotidien.fr\/blog\/wp-json\/wp\/v2\/posts\/5757\/revisions"}],"predecessor-version":[{"id":8131,"href":"https:\/\/lacanquotidien.fr\/blog\/wp-json\/wp\/v2\/posts\/5757\/revisions\/8131"}],"wp:featuredmedia":[{"embeddable":true,"href":"https:\/\/lacanquotidien.fr\/blog\/wp-json\/wp\/v2\/media\/5760"}],"wp:attachment":[{"href":"https:\/\/lacanquotidien.fr\/blog\/wp-json\/wp\/v2\/media?parent=5757"}],"wp:term":[{"taxonomy":"category","embeddable":true,"href":"https:\/\/lacanquotidien.fr\/blog\/wp-json\/wp\/v2\/categories?post=5757"},{"taxonomy":"post_tag","embeddable":true,"href":"https:\/\/lacanquotidien.fr\/blog\/wp-json\/wp\/v2\/tags?post=5757"}],"curies":[{"name":"wp","href":"https:\/\/api.w.org\/{rel}","templated":true}]}}