{"id":5914,"date":"2011-11-24T17:33:10","date_gmt":"2011-11-24T16:33:10","guid":{"rendered":"http:\/\/www.lacanquotidien.fr\/blog\/?p=5914"},"modified":"2011-11-30T20:27:54","modified_gmt":"2011-11-30T19:27:54","slug":"message-de-remerciement-de-la-famille-et-des-proches-de-rafah-nached","status":"publish","type":"post","link":"https:\/\/lacanquotidien.fr\/blog\/2011\/11\/message-de-remerciement-de-la-famille-et-des-proches-de-rafah-nached\/","title":{"rendered":"Message de remerciement de la famille et des proches de Rafah Nached"},"content":{"rendered":"<div style=\"text-align: -webkit-center;\">\n<p align=\"JUSTIFY\"><em><span style=\"color: #000000;\"><span style=\"font-family: Calibri, sans-serif;\"><span style=\"font-size: small;\">\u00abFaisant suite \u00e0 la lib\u00e9ration de Rafah Nached, nous, membres de \u00a0la famille et amis de Rafah souhaitons adresser nos tr\u00e8s sinc\u00e8res et tr\u00e8s chaleureux remerciements \u00e0 l\u2019ensemble des acteurs de la formidable cha\u00eene d\u2019indignation et de solidarit\u00e9 qui s\u2019est mise en place au cours des deux derniers mois et qui nous a permis, le 16 novembre dernier, de pousser un profond soupir de soulagement.<!--more--><\/span><\/span><\/span><\/em><\/p>\n<p align=\"JUSTIFY\"><em><span style=\"color: #000000;\"><span style=\"font-family: Calibri, sans-serif;\"><span style=\"font-size: small;\">Nos remerciements vont naturellement \u00e0 l\u2019ensemble de la communaut\u00e9 scientifique internationale et tout particuli\u00e8rement \u00e0 la communaut\u00e9 psychanalytique qui, d\u2019abord en France puis progressivement \u00e0 travers le monde a contribu\u00e9 \u00e0 maintenir toujours vivace cette intense mobilisation. Nous souhaitons t\u00e9moigner de notre profonde sollicitude aux \u00e9loquents porte-paroles du \u00ab\u00a0Raffut pour Rafah\u00a0\u00bb ainsi qu\u2019\u00e0 l\u2019ensemble des membres du personnel politique et diplomatique qui ont apport\u00e9 leur \u00e9nergie, leur d\u00e9termination et leur capacit\u00e9 de conviction pour relayer les messages en faveur de sa lib\u00e9ration en France, en Europe et \u00e0 travers le monde. Nous tenons \u00e0 remercier \u00e9galement Madame Carla Bruni-Sarkozy d\u2019avoir d\u00e9cid\u00e9 de mettre son immense notori\u00e9t\u00e9 au service du combat en faveur de la lib\u00e9ration de Rafah.<\/span><\/span><\/span><\/em><\/p>\n<p align=\"JUSTIFY\"><em><span style=\"color: #000000;\"><span style=\"font-family: Calibri, sans-serif;\"><span style=\"font-size: small;\">A tous, sachez que votre soutien, vos paroles de r\u00e9confort, vos t\u00e9moignages d\u2019amiti\u00e9 ont \u00e9t\u00e9 des plus pr\u00e9cieux pour traverser cette \u00e9preuve.<\/span><\/span><\/span><\/em><\/p>\n<p align=\"JUSTIFY\"><em><span style=\"color: #000000;\"><span style=\"font-family: Calibri, sans-serif;\"><span style=\"font-size: small;\">Rafah n\u2019a pas encore pour l\u2019instant la joie de pouvoir serrer sa premi\u00e8re petite-fille dans ses bras, mais gr\u00e2ce \u00e0 vous, gr\u00e2ce \u00e0 votre formidable mobilisation et \u00e0 l\u2019inextinguible d\u00e9termination dont vous avez fait preuve, la perspective de cette rencontre est redevenue possible et se r\u00e9alisera d\u00e8s que Rafah aura recouvr\u00e9 l\u2019int\u00e9gralit\u00e9 de ses droits de citoyenne syrienne (et notamment son passeport). Elle aura alors aussi l\u2019opportunit\u00e9 de vous exprimer plus directement son immense gratitude \u00bb.<\/span><\/span><\/span><\/em><\/p>\n<p style=\"text-align: -webkit-auto;\" align=\"CENTER\"><em><br \/>\n<\/em><\/p>\n<\/div>\n<p>&nbsp;<\/p>\n","protected":false},"excerpt":{"rendered":"<p align=\"JUSTIFY\">\u00abFaisant suite \u00e0 la lib\u00e9ration de Rafah Nached, nous, membres de \u00a0la famille et amis de Rafah souhaitons adresser nos tr\u00e8s sinc\u00e8res et tr\u00e8s chaleureux remerciements \u00e0 l\u2019ensemble des acteurs de la formidable cha\u00eene d\u2019indignation et de solidarit\u00e9 qui s\u2019est mise en place au cours des deux derniers mois et qui nous a permis, [&#8230;]<\/p>\n","protected":false},"author":9,"featured_media":5916,"comment_status":"closed","ping_status":"closed","sticky":false,"template":"","format":"standard","meta":{"_monsterinsights_skip_tracking":false,"_monsterinsights_sitenote_active":false,"_monsterinsights_sitenote_note":"","_monsterinsights_sitenote_category":0,"footnotes":""},"categories":[231],"tags":[1070,3241],"class_list":["post-5914","post","type-post","status-publish","format-standard","has-post-thumbnail","hentry","category-rafah","tag-liberation-de-rafah-nached","tag-rafah"],"_links":{"self":[{"href":"https:\/\/lacanquotidien.fr\/blog\/wp-json\/wp\/v2\/posts\/5914","targetHints":{"allow":["GET"]}}],"collection":[{"href":"https:\/\/lacanquotidien.fr\/blog\/wp-json\/wp\/v2\/posts"}],"about":[{"href":"https:\/\/lacanquotidien.fr\/blog\/wp-json\/wp\/v2\/types\/post"}],"author":[{"embeddable":true,"href":"https:\/\/lacanquotidien.fr\/blog\/wp-json\/wp\/v2\/users\/9"}],"replies":[{"embeddable":true,"href":"https:\/\/lacanquotidien.fr\/blog\/wp-json\/wp\/v2\/comments?post=5914"}],"version-history":[{"count":5,"href":"https:\/\/lacanquotidien.fr\/blog\/wp-json\/wp\/v2\/posts\/5914\/revisions"}],"predecessor-version":[{"id":5936,"href":"https:\/\/lacanquotidien.fr\/blog\/wp-json\/wp\/v2\/posts\/5914\/revisions\/5936"}],"wp:featuredmedia":[{"embeddable":true,"href":"https:\/\/lacanquotidien.fr\/blog\/wp-json\/wp\/v2\/media\/5916"}],"wp:attachment":[{"href":"https:\/\/lacanquotidien.fr\/blog\/wp-json\/wp\/v2\/media?parent=5914"}],"wp:term":[{"taxonomy":"category","embeddable":true,"href":"https:\/\/lacanquotidien.fr\/blog\/wp-json\/wp\/v2\/categories?post=5914"},{"taxonomy":"post_tag","embeddable":true,"href":"https:\/\/lacanquotidien.fr\/blog\/wp-json\/wp\/v2\/tags?post=5914"}],"curies":[{"name":"wp","href":"https:\/\/api.w.org\/{rel}","templated":true}]}}