{"id":5925,"date":"2011-11-24T20:03:11","date_gmt":"2011-11-24T19:03:11","guid":{"rendered":"http:\/\/www.lacanquotidien.fr\/blog\/?p=5925"},"modified":"2011-11-30T23:34:14","modified_gmt":"2011-11-30T22:34:14","slug":"la-rose-des-livres-3","status":"publish","type":"post","link":"https:\/\/lacanquotidien.fr\/blog\/2011\/11\/la-rose-des-livres-3\/","title":{"rendered":"La Rose des Livres"},"content":{"rendered":"<p align=\"JUSTIFY\"><em style=\"font-family: Calibri, sans-serif; font-size: small;\"><strong><span style=\"font-size: large;\">A mots couverts<\/span> <\/strong><\/em><em style=\"font-family: Calibri, sans-serif; font-size: small;\"><span style=\"color: #0000cc;\"><strong>par <\/strong><\/span><\/em><strong style=\"font-family: Calibri, sans-serif; font-size: small;\"><em><em><span style=\"color: #0000cc;\">Nathalie Georges-Lambrichs<!--more--><\/span><\/em><\/em><\/strong><\/p>\n<p align=\"JUSTIFY\"><span class=\"Apple-style-span\" style=\"font-family: Calibri, sans-serif; font-size: small;\">Ce compendium sadien en dix tableaux ne vous laisse pas indemne. \u00ab\u00a0C\u2019est dingue\u00a0\u00bb, \u00e9crit Fran\u00e7ois Forestier. Tirant sur les innocentes tirettes et chevillettes vous voil\u00e0 acteur de l\u2019imagerie clandestine qui vous est offerte et en en d\u00e9voilant les dessous, vous voil\u00e0 voyeur volontaire de sexes et de bains de sang humain. Partag\u00e9 entre le souvenir de vos livres d\u2019enfants, anc\u00eatres de la 3D, \u2013 le loup soudain, sa langue en relief \u2013, la crainte d\u2019ab\u00eemer l\u2019objet, la curiosit\u00e9 coupable aviv\u00e9e vous d\u00e9portant sur les bords de l\u2019image ou en son centre,\u00a0 vous pouvez vous cramponner \u00e0 un porc, un coq, une brebis intacts, saisis dans leur propre regard sans <\/span><em style=\"font-family: Calibri, sans-serif; font-size: small;\">focus<\/em><span class=\"Apple-style-span\" style=\"font-family: Calibri, sans-serif; font-size: small;\">. Comme c\u2019est tentant de vous en tenir aux d\u00e9tails sem\u00e9s avec art, chiffrage d\u00e9fiant votre savoir et celui de google\u00a0: ces r\u00e9f\u00e9rences oubli\u00e9es ou gomm\u00e9es, ces num\u00e9ros \u00e9pars, ces visages en souffrance d\u2019\u00eatre identifi\u00e9s, ces citations caviard\u00e9es, qu\u2019il serait beau de les situer, de les trouver et de cataloguer tout cela dans une grille savante.<\/span><\/p>\n<p><a style=\"font-family: Calibri, sans-serif; text-align: justify; font-size: small;\" href=\"http:\/\/www.lacanquotidien.fr\/blog\/wp-content\/uploads\/2011\/11\/photosurya.png\"><img loading=\"lazy\" decoding=\"async\" class=\"alignleft size-thumbnail wp-image-5926\" style=\"border-style: initial; border-color: initial;\" title=\"photosurya\" src=\"http:\/\/www.lacanquotidien.fr\/blog\/wp-content\/uploads\/2011\/11\/photosurya-150x150.png\" alt=\"\" width=\"150\" height=\"150\" \/><\/a><\/p>\n<p align=\"JUSTIFY\"><span class=\"Apple-style-span\" style=\"font-family: Calibri, sans-serif; font-size: small;\">\u00a0Vous vous r\u00eavez \u00e9rudit, glosant, ou analyste, subsumant quelque intention d\u00e9chiffrable dans ce qui se laisse appr\u00e9hender chaque fois comme un r\u00e9bus, ou sibylle interpr\u00e9tant cette lame que vous avez tir\u00e9e, <\/span><em style=\"font-family: Calibri, sans-serif; font-size: small;\">enforme<\/em><span class=\"Apple-style-span\" style=\"font-family: Calibri, sans-serif; font-size: small;\"> de destin. Rien de tout cela ne tient. Le destin est l\u00e0\u00a0: des corps en p\u00e2ture forc\u00e9s, tortur\u00e9s.<br \/>\nForce sera de revenir \u00e0 la source unique, au nom de Sade, donc. Ce que fait Michel Surya, qui nous r\u00e9sume dans sa pr\u00e9face Sade en deux pages, sa position, son statut <\/span><em style=\"font-family: Calibri, sans-serif; font-size: small;\">ready made<\/em><span class=\"Apple-style-span\" style=\"font-family: Calibri, sans-serif; font-size: small;\">, ouvrant une porte piran\u00e9sienne sur une \u00e9tranget\u00e9 suppl\u00e9mentaire\u00a0: bient\u00f4t, tout cela pourrait bien \u00eatre pli\u00e9.<\/span><\/p>\n<p align=\"JUSTIFY\">\u00a0\u00a0 <span style=\"font-family: Calibri, sans-serif;\"><span style=\"font-size: small;\">Pensez, alors, il est temps encore, puisque la pens\u00e9e est l\u00e0, vous dit-il. Elle est dans les images au silence bient\u00f4t assourdissant, o\u00f9 tourbillonne la pens\u00e9e\u00a0entra\u00een\u00e9e dans le mouvement fig\u00e9 de la chute des corps grav\u00e9s dans ce <em>vadenonmecum<\/em>, plut\u00f4t <em>vaderetro<\/em>, \u00e9chou\u00e9s dans des bergeries aux ciels de hurlevent, ou ces traits \u00e9pais emprunt\u00e9s aux tarots de Marseille qui se divisent et font s\u2019\u00e9changer les hauts et les bas dans l\u2019effeuillage machinal auquel vous proc\u00e9dez, livr\u00e9 aux catins batailliennes exhib\u00e9es et nues sous leurs robes tach\u00e9es, et bient\u00f4t \u00e9corch\u00e9es. <\/span><\/span><\/p>\n<p align=\"JUSTIFY\"><span style=\"font-family: Calibri, sans-serif;\"><span style=\"font-size: small;\">Sade objecteur, <em>sade up<\/em> objet tout court, court toujours. Pensez \u00e0 ce destin-l\u00e0, inou\u00ef, \u00e0 ces vingt-sept ann\u00e9es<a href=\"http:\/\/www.lacanquotidien.fr\/blog\/wp-content\/uploads\/2011\/11\/images-Sade-up.jpg\"><img loading=\"lazy\" decoding=\"async\" class=\"alignleft size-thumbnail wp-image-5927\" title=\"images Sade up\" src=\"http:\/\/www.lacanquotidien.fr\/blog\/wp-content\/uploads\/2011\/11\/images-Sade-up-150x150.jpg\" alt=\"\" width=\"150\" height=\"150\" \/><\/a> de privation de libert\u00e9 vou\u00e9es \u00e0 l\u2019\u00e9criture d\u2019une philosophie \u00e9prise de raison \u00e0 rebours de toute pens\u00e9e d\u2019aucun \u00ab\u00a0progr\u00e8s\u00a0\u00bb. <\/span><\/span><\/p>\n<p align=\"JUSTIFY\">\u00a0\u00a0 <span style=\"font-family: Calibri, sans-serif;\"><span style=\"font-size: small;\">Il est temps.<\/span><\/span><\/p>\n<p align=\"JUSTIFY\"><span style=\"font-family: Calibri, sans-serif;\"><span style=\"font-size: small;\"><span style=\"color: #ff0000;\"><em>Sade<\/em><\/span><span style=\"color: #ff0000;\"><em>up<\/em><\/span>\u00a0de <span style=\"color: #0000cc;\">Frank Secka<\/span>\u00a0<\/span><\/span><\/p>\n<p align=\"JUSTIFY\"><span style=\"font-family: Calibri, sans-serif;\"><span style=\"font-size: small;\">Pr\u00e9face de Michel Surya,\u00a0Ing\u00e9nierie papier\u00a0par Philippe Huger\u00a0(Rouergue 2011) <\/span><\/span><\/p>\n<p align=\"JUSTIFY\"><span style=\"font-family: Calibri, sans-serif;\"><span style=\"font-size: small;\">Un petit film r\u00e9alis\u00e9 \u00e0 Arles\u00a0par l&rsquo;\u00e9ditrice en donne un aper\u00e7u; \u00a0<strong>On n&rsquo;y voit pas tout !<\/strong><\/span><\/span><\/p>\n<p align=\"JUSTIFY\"><span style=\"color: #000000;\"><span style=\"font-family: Calibri, sans-serif;\"><span style=\"font-size: small;\"><a href=\"http:\/\/www.youtube.com\/watch?v=_rZG4E6bqbA\">Voici le film<\/a>.<\/span><\/span><\/span><\/p>\n<p align=\"JUSTIFY\"><span style=\"font-family: Calibri, sans-serif;\"><span style=\"font-size: small;\"><em><span style=\"color: #000000;\"><strong>Publi\u00e9 dans le N\u00b098 de Lacan Quotidien<\/strong><\/span><\/em><\/span><\/span><\/p>\n","protected":false},"excerpt":{"rendered":"<p align=\"JUSTIFY\">A mots couverts par Nathalie Georges-Lambrichs<\/p>\n","protected":false},"author":9,"featured_media":5928,"comment_status":"closed","ping_status":"closed","sticky":false,"template":"","format":"standard","meta":{"_monsterinsights_skip_tracking":false,"_monsterinsights_sitenote_active":false,"_monsterinsights_sitenote_note":"","_monsterinsights_sitenote_category":0,"footnotes":""},"categories":[18,568],"tags":[1075,359,1074],"class_list":["post-5925","post","type-post","status-publish","format-standard","has-post-thumbnail","hentry","category-gemmes","category-vientdeparaitre","tag-michel-surya","tag-nathalie-georges-lambrichs","tag-sade"],"_links":{"self":[{"href":"https:\/\/lacanquotidien.fr\/blog\/wp-json\/wp\/v2\/posts\/5925","targetHints":{"allow":["GET"]}}],"collection":[{"href":"https:\/\/lacanquotidien.fr\/blog\/wp-json\/wp\/v2\/posts"}],"about":[{"href":"https:\/\/lacanquotidien.fr\/blog\/wp-json\/wp\/v2\/types\/post"}],"author":[{"embeddable":true,"href":"https:\/\/lacanquotidien.fr\/blog\/wp-json\/wp\/v2\/users\/9"}],"replies":[{"embeddable":true,"href":"https:\/\/lacanquotidien.fr\/blog\/wp-json\/wp\/v2\/comments?post=5925"}],"version-history":[{"count":6,"href":"https:\/\/lacanquotidien.fr\/blog\/wp-json\/wp\/v2\/posts\/5925\/revisions"}],"predecessor-version":[{"id":5930,"href":"https:\/\/lacanquotidien.fr\/blog\/wp-json\/wp\/v2\/posts\/5925\/revisions\/5930"}],"wp:featuredmedia":[{"embeddable":true,"href":"https:\/\/lacanquotidien.fr\/blog\/wp-json\/wp\/v2\/media\/5928"}],"wp:attachment":[{"href":"https:\/\/lacanquotidien.fr\/blog\/wp-json\/wp\/v2\/media?parent=5925"}],"wp:term":[{"taxonomy":"category","embeddable":true,"href":"https:\/\/lacanquotidien.fr\/blog\/wp-json\/wp\/v2\/categories?post=5925"},{"taxonomy":"post_tag","embeddable":true,"href":"https:\/\/lacanquotidien.fr\/blog\/wp-json\/wp\/v2\/tags?post=5925"}],"curies":[{"name":"wp","href":"https:\/\/api.w.org\/{rel}","templated":true}]}}