{"id":6415,"date":"2011-12-04T23:14:45","date_gmt":"2011-12-04T22:14:45","guid":{"rendered":"http:\/\/www.lacanquotidien.fr\/blog\/?p=6415"},"modified":"2011-12-29T08:12:20","modified_gmt":"2011-12-29T07:12:20","slug":"portraits-3","status":"publish","type":"post","link":"https:\/\/lacanquotidien.fr\/blog\/2011\/12\/portraits-3\/","title":{"rendered":"PORTRAITS"},"content":{"rendered":"<p align=\"LEFT\"><span style=\"font-family: Calibri, sans-serif; font-size: small; color: #0000cc;\"><span style=\"font-size: large;\"><strong>L\u2019homme au n\u0153ud papillon rouge (suite)<\/strong><\/span><\/span><em style=\"font-family: Calibri, sans-serif; font-size: small;\"><strong>par <\/strong><\/em><span style=\"font-family: Calibri, sans-serif; font-size: small; color: #0000ff;\"><span style=\"font-size: medium;\"><em><strong>Philippe Hellebois<!--more--><\/strong><\/em><\/span><\/span><\/p>\n<p align=\"JUSTIFY\"><span style=\"font-family: Calibri, sans-serif;\"><span style=\"font-size: small;\"><em><strong>Les lecteurs ont pu lire dans <\/strong><\/em><\/span><\/span><span style=\"font-family: Calibri, sans-serif;\"><span style=\"font-size: small;\"><strong>LQ <\/strong><\/span><\/span><span style=\"font-family: Calibri, sans-serif;\"><span style=\"font-size: small;\"><em><strong>n\u00b0 68 du 24 octobre 2011<\/strong><\/em><\/span><\/span><span style=\"font-family: Calibri, sans-serif;\"><span style=\"font-size: small;\"><em><strong>un portrait d\u2019Elio Di Rupo, futur premier ministre belge. Voici la suite de ses aventures.<\/strong><\/em><\/span><\/span><\/p>\n<p align=\"JUSTIFY\"><span style=\"font-family: Calibri, sans-serif;\"><span style=\"font-size: small;\"><span style=\"color: #ff0000;\"><em><strong>Habemus imperium\u00a0!\u00a0<\/strong><\/em><\/span><span style=\"color: #ff0000;\">Elio Di Rupo<\/span> est parvenu \u00e0 conclure un accord de gouvernement entre les six partis politiques avec lesquels il n\u00e9gociait depuis l\u2019\u00e9t\u00e9 dernier. Au total, la crise aura donc dur\u00e9 535 jours. Du jamais vu sous nos latitudes! <\/span><\/span><\/p>\n<p align=\"JUSTIFY\"><span style=\"font-family: Calibri, sans-serif;\"><span style=\"font-size: small;\">Les probl\u00e8mes avaient commenc\u00e9 le soir m\u00eame des derni\u00e8res \u00e9lections l\u00e9gislatives du printemps 2010. La Belgique en \u00e9tait ressortie \u00e0 peu pr\u00e8s ingouvernable, d\u2019\u00eatre divis\u00e9e entre une Flandre nationaliste et \u00e0 droite, et une Communaut\u00e9 Wallonie-Bruxelles \u00e0 dominante socialiste. Pendant plus d\u2019un an, tout ce beau monde n\u2019a parl\u00e9 que de probl\u00e8mes communautaires (BHV, statut de Bruxelles, et autres joyeuset\u00e9s que je renonce \u00e0 expliquer ici) jusqu\u2019\u00e0 ce que la NVA (<\/span><\/span><span style=\"font-family: Calibri, sans-serif;\"><span style=\"font-size: small;\"><em>Nieuwe Vlaamse Alliantie<\/em><\/span><\/span><span style=\"font-family: Calibri, sans-serif;\"><span style=\"font-size: small;\">)\u00a0 ne claque la porte en juillet dernier laissant s\u2019entendre les autres partis entre eux (voir <\/span><\/span><a href=\"http:\/\/www.lacanquotidien.fr\/blog\/2011\/11\/portraits-2\/\"><span style=\"font-family: Calibri, sans-serif;\"><span style=\"font-size: small;\"><em>LQ<\/em><\/span><\/span><span style=\"font-family: Calibri, sans-serif;\"><span style=\"font-size: small;\">83, 8 novembre 2011<\/span><\/span><\/a><span style=\"font-family: Calibri, sans-serif;\"><span style=\"font-size: small;\">). Le processus prit quelques semaines pour s\u2019achever en\u00a0 octobre sur un accord organisant la r\u00e9forme de l\u2019\u00c9tat qui devenait encore moins unitaire qu\u2019avant.<\/span><\/span><\/p>\n<p lang=\"fr-BE\" align=\"JUSTIFY\"><span style=\"font-family: Calibri, sans-serif;\"><span style=\"font-size: small;\">Le Belge moyen &#8211; qui n\u2019existe pas plus que le Fran\u00e7ais du m\u00eame nom, mais qui a \u00e9t\u00e9 invent\u00e9 en Belgique par le<a href=\"http:\/\/www.lacanquotidien.fr\/blog\/wp-content\/uploads\/2011\/12\/Di-luppo-bandeau.jpg\"><img loading=\"lazy\" decoding=\"async\" class=\"alignleft size-full wp-image-6422\" style=\"margin-top: 2px; margin-bottom: 2px;\" title=\"Di luppo bandeau\" src=\"http:\/\/www.lacanquotidien.fr\/blog\/wp-content\/uploads\/2011\/12\/Di-luppo-bandeau.jpg\" alt=\"\" width=\"132\" height=\"199\" \/><\/a> p\u00e8re de la sociologie statistique Adolphe Qu\u00e9telet, voir Jam \u00ab\u00a0L\u2019\u00e8re de l\u2019Homme sans qualit\u00e9s\u00a0\u00bb, <em>la Cause freudienne<\/em>, n\u00b057 &#8211; crut que le plus dur \u00e9tait fait, et que le socio-\u00e9conomique passerait comme une lettre \u00e0 la poste. C\u2019est pourtant ici que les Romains s\u2019empoign\u00e8rent puisqu\u2019il fallut encore de nombreuses semaines pour arriver \u00e0 un accord. Les derniers jours furent d\u2019ailleurs exag\u00e9r\u00e9ment dramatiques\u00a0: gauche et droite s\u2019affront\u00e8rent comme aux plus beaux jours de la lutte des classes, le formateur remit au roi sa d\u00e9mission, lequel demanda ensuite aux agit\u00e9s de r\u00e9fl\u00e9chir.\u00a0<\/span><\/span><span class=\"Apple-style-span\" style=\"font-family: Calibri, sans-serif; font-size: small;\">Personne n\u2019a pu p\u00e9n\u00e9trer l\u2019intimit\u00e9 de leurs cogitations, mais l\u2019on doute fort qu\u2019ils aient eu le temps d\u2019en avoir puisque les march\u00e9s siffl\u00e8rent rapidement la fin de la r\u00e9cr\u00e9ation. Elio remit au roi sa d\u00e9mission le lundi, une agence de notation abaissa la cote de la Belgique d\u00e8s la fin de semaine, les taux d\u2019int\u00e9r\u00eat de notre dette grimp\u00e8rent imm\u00e9diatement, et miracle, en une seule petite nuit \u2013 celle du samedi de la m\u00eame semaine\u00a0! \u2013 les n\u00e9gociateurs trouvaient un accord qu\u2019ils cherchaient depuis des mois.\u00a0<\/span><\/p>\n<p lang=\"fr-BE\" align=\"JUSTIFY\"><span style=\"font-family: Calibri, sans-serif;\"><span style=\"font-size: small;\">Il n\u2019aura donc \u00e9chapp\u00e9 \u00e0 personne que les march\u00e9s ont dict\u00e9 la sortie de crise comme en Italie ou en Gr\u00e8ce, mais avec cette nuance que, dans le cas belge, ils l\u2019avaient aussi permise sinon nourrie. En effet, quand l\u2019euro paraissait inoxydable, les Belges purent jouer \u00e0 se disputer sans qu\u2019il leur en co\u00fbte grand-chose, ce qui e\u00fbt \u00e9t\u00e9 impossible \u00e0 l\u2019\u00e9poque du franc. L\u2019euro en capilotade, l\u2019aire de jeu se r\u00e9duisit d\u2019autant, et la crise politique mise au frigo dans l\u2019attente de jours meilleurs. Personne ne doute en effet que le jeu reprendra d\u00e8s que les marqueurs financiers retourneront au vert. Les fantasmes nationalistes sont en d\u00e9licatesse avec l\u2019\u00e9conomie.<\/span><\/span><\/p>\n<p align=\"JUSTIFY\"><span style=\"font-family: Calibri, sans-serif;\"><span style=\"font-size: small;\">Cette com\u00e9die sans texte ni metteur en sc\u00e8ne, jou\u00e9e en plus par des acteurs \u00e9gar\u00e9s, a \u00e9t\u00e9 propice \u00e0 nous faire apercevoir combien ce que Lacan disait en 1970 est plus que jamais d\u2019une br\u00fblante actualit\u00e9 voire nous pr\u00e9c\u00e8de encore puisque nous ne l\u2019entendons que maintenant. Antonio di Ciaccia avait d\u00e9j\u00e0 relev\u00e9 dans <\/span><\/span><span style=\"font-family: Calibri, sans-serif;\"><span style=\"font-size: small;\"><em>LQ <\/em><\/span><\/span><span style=\"font-family: Calibri, sans-serif;\"><span style=\"font-size: small;\">(<a href=\"http:\/\/www.lacanquotidien.fr\/blog\/2011\/11\/%E2%80%9Cmancamento-radiale%E2%80%9D\/\">n\u00b0 87 du 12 novembre 2011<\/a>) cette remarque de Lacan (<\/span><\/span><span style=\"font-family: Calibri, sans-serif;\"><span style=\"font-size: small;\"><em>S\u00e9minaire Livre XVII<\/em><\/span><\/span><span style=\"font-family: Calibri, sans-serif;\"><span style=\"font-size: small;\">, <\/span><\/span><span style=\"font-family: Calibri, sans-serif;\"><span style=\"font-size: small;\"><em>l\u2019Envers de la psychanalyse, <\/em><\/span><\/span><span style=\"font-family: Calibri, sans-serif;\"><span style=\"font-size: small;\">p. 93<\/span><\/span><span style=\"font-family: Calibri, sans-serif;\"><span style=\"font-size: small;\"><em>)<\/em><\/span><\/span><span style=\"font-family: Calibri, sans-serif;\"><span style=\"font-size: small;\"> selon laquelle l\u2019\u00e9conomie organise le champ de la jouissance contemporaine. La raison en est simple\u00a0: le plus-de-jouir s\u2019est transform\u00e9 \u00e0 l\u2019\u00e8re capitaliste en plus-value, et celle-ci ne conna\u00eet pas d\u2019autre loi que celle de son expansion <\/span><\/span><span style=\"font-family: Calibri, sans-serif;\"><span style=\"font-size: small;\"><em>ad infinitum<\/em><\/span><\/span><span style=\"font-family: Calibri, sans-serif;\"><span style=\"font-size: small;\">. La jouissance circule aujourd\u2019hui sous forme d\u2019argent, laquelle fascine d\u2019autant plus qu\u2019elle est le m\u00e9morial de modes de jouir disparus. Le bourgeois moderne ne caresse que la plus-value, mais se r\u00eave en Sade. <\/span><\/span><\/p>\n<p lang=\"fr-BE\" align=\"JUSTIFY\"><span style=\"font-family: Calibri, sans-serif;\"><span style=\"font-size: small;\">L\u2019Italie, pays de l\u2019op\u00e9ra, nous a ainsi r\u00e9v\u00e9l\u00e9 notre petit man\u00e8ge\u00a0: <em>Il professore<\/em> (catholique, eurocrate et ancien employ\u00e9 de la banque Goldman-Sachs) a remplac\u00e9 <em>Il cavaliere. <\/em>En France, ce fut moins clair puisque DSK a parcouru le chemin inverse \u2013 il pouvait jouer sur les deux tableaux, mais\u00a0 tomba glorieusement sur le front du plus-de-jouir. Vous verrez d\u2019ailleurs que dans quelques ann\u00e9es, il sera d\u00e9cor\u00e9.<\/span><\/span><\/p>\n<p lang=\"fr-BE\" align=\"JUSTIFY\"><span style=\"font-family: Calibri, sans-serif;\"><span style=\"font-size: small;\"><a href=\"http:\/\/www.lacanquotidien.fr\/blog\/wp-content\/uploads\/2011\/12\/Di-Ruppo-noir-et-blanc1.jpg\"><img loading=\"lazy\" decoding=\"async\" class=\"size-full wp-image-6424 alignright\" title=\"Di Ruppo noir et blanc\" src=\"http:\/\/www.lacanquotidien.fr\/blog\/wp-content\/uploads\/2011\/12\/Di-Ruppo-noir-et-blanc1.jpg\" alt=\"\" width=\"129\" height=\"170\" \/><\/a>La Belgique a encore pu choisir elle-m\u00eame son gouvernement, et s\u2019est distingu\u00e9e en se donnant avec Elio Di Rupo un nouveau Premier Ministre hautement improbable. En effet, ce fils d\u2019immigr\u00e9 italien (de ceux que l\u2019\u00c9tat italien vendit litt\u00e9ralement comme main d\u2019\u0153uvre \u2013c\u2019est-\u00e0-dire comme esclaves puisqu\u2019ils n\u2019eurent d\u2019autres choix que de contracter la silicose dans nos mines \u2013, contre du charbon dans l\u2019imm\u00e9diat apr\u00e8s-guerre), ne parle pas la langue de la majorit\u00e9 (flamande) de la population\u00a0 belge. La chose est sans pourquoi, Elio parle fran\u00e7ais (mais il gagnerait \u00e0 se plonger plus souvent dans notre Grevisse national), et italien (qu\u2019en pense Antonio\u00a0Di Ciaccia?), mais ne fait que comprendre la langue de Vondel (nom po\u00e9tique du flamand) sans oser la parler ! Aurait-il honte de ses fautes\u00a0? Connaissant le personnage, on en doute fort. Cela dit, les journalistes flamands s\u2019en gaussent en consid\u00e9rant que les rares fois o\u00f9 il s\u2019y risque, il ne donne que les mots laissant \u00e0 ses interlocuteurs le soin de faire les phrases\u00a0! Elio serait-il lacanien sans le savoir en conf\u00e9rant au r\u00e9cepteur de d\u00e9cider du sens du message\u00a0?<\/span><\/span><\/p>\n<p lang=\"fr-BE\" align=\"JUSTIFY\"><span style=\"font-family: Calibri, sans-serif;\"><span style=\"font-size: small;\">Ce n\u2019est pas tr\u00e8s grave, et quand on veut que les choses s\u2019arrangent, il n\u2019y a plus que les math\u00e9matiques pour ne pas s\u2019en laisser compter. C\u2019est ainsi que les lib\u00e9raux flamands (droite style UMP Hauts de Seine) apr\u00e8s s\u2019\u00eatre montr\u00e9s intraitables, dirent qu\u2019Elio repr\u00e9sentait rien moins que <em>l\u2019American dream<\/em> \u00e0 la belge\u00a0! La Belgique est un pays vraiment formidable qui r\u00e9ussit \u00e0 \u00eatre \u00e0 la fois l\u2019avenir de la France, et l\u2019Am\u00e9rique en Europe. <\/span><\/span><\/p>\n<p align=\"JUSTIFY\"><span style=\"font-family: Calibri, sans-serif;\"><span style=\"font-size: small;\">Elio est donc le parfait hybride, t\u00e9moignant depuis de longues ann\u00e9es de la grande caract\u00e9ristique de l\u2019esp\u00e8ce\u00a0: la vigueur (Voir Jam, <em>Le neveu de Lacan<\/em>, p. 240. \u00c0 l\u2019\u00e8re de la plus-value, ce n\u2019est pas que tout fout le camp, mais que l\u2019avenir est \u00e0 ceux qui ne ressemblent \u00e0 personne.<\/span><\/span><\/p>\n<p align=\"JUSTIFY\"><strong style=\"font-family: Calibri, sans-serif; font-size: small;\">Publi\u00e9 dans le N\u00b0106 de Lacan Quotidien<\/strong><\/p>\n<p align=\"LEFT\"><span style=\"font-family: Calibri, sans-serif; font-size: x-small;\"><strong><em><br \/>\n<\/em><\/strong><\/span><\/p>\n","protected":false},"excerpt":{"rendered":"<p align=\"LEFT\">L\u2019homme au n\u0153ud papillon rouge (suite)par Philippe Hellebois<\/p>\n","protected":false},"author":9,"featured_media":6417,"comment_status":"closed","ping_status":"closed","sticky":false,"template":"","format":"standard","meta":{"_monsterinsights_skip_tracking":false,"_monsterinsights_sitenote_active":false,"_monsterinsights_sitenote_note":"","_monsterinsights_sitenote_category":0,"footnotes":""},"categories":[19,397],"tags":[1216,844,1217,747,176,925],"class_list":["post-6415","post","type-post","status-publish","format-standard","has-post-thumbnail","hentry","category-chroniques","category-tribunepresidentielle","tag-agence-de-notation","tag-belgique","tag-economie","tag-elio-di-rupo","tag-philippe-hellebois","tag-plus-de-jouir"],"_links":{"self":[{"href":"https:\/\/lacanquotidien.fr\/blog\/wp-json\/wp\/v2\/posts\/6415","targetHints":{"allow":["GET"]}}],"collection":[{"href":"https:\/\/lacanquotidien.fr\/blog\/wp-json\/wp\/v2\/posts"}],"about":[{"href":"https:\/\/lacanquotidien.fr\/blog\/wp-json\/wp\/v2\/types\/post"}],"author":[{"embeddable":true,"href":"https:\/\/lacanquotidien.fr\/blog\/wp-json\/wp\/v2\/users\/9"}],"replies":[{"embeddable":true,"href":"https:\/\/lacanquotidien.fr\/blog\/wp-json\/wp\/v2\/comments?post=6415"}],"version-history":[{"count":8,"href":"https:\/\/lacanquotidien.fr\/blog\/wp-json\/wp\/v2\/posts\/6415\/revisions"}],"predecessor-version":[{"id":7057,"href":"https:\/\/lacanquotidien.fr\/blog\/wp-json\/wp\/v2\/posts\/6415\/revisions\/7057"}],"wp:featuredmedia":[{"embeddable":true,"href":"https:\/\/lacanquotidien.fr\/blog\/wp-json\/wp\/v2\/media\/6417"}],"wp:attachment":[{"href":"https:\/\/lacanquotidien.fr\/blog\/wp-json\/wp\/v2\/media?parent=6415"}],"wp:term":[{"taxonomy":"category","embeddable":true,"href":"https:\/\/lacanquotidien.fr\/blog\/wp-json\/wp\/v2\/categories?post=6415"},{"taxonomy":"post_tag","embeddable":true,"href":"https:\/\/lacanquotidien.fr\/blog\/wp-json\/wp\/v2\/tags?post=6415"}],"curies":[{"name":"wp","href":"https:\/\/api.w.org\/{rel}","templated":true}]}}