{"id":7014,"date":"2011-12-27T14:50:00","date_gmt":"2011-12-27T13:50:00","guid":{"rendered":"http:\/\/www.lacanquotidien.fr\/blog\/?p=7014"},"modified":"2012-01-15T20:55:11","modified_gmt":"2012-01-15T19:55:11","slug":"conference-dhistoire-de-lart-lart-et-la-folie-5","status":"publish","type":"post","link":"https:\/\/lacanquotidien.fr\/blog\/2011\/12\/conference-dhistoire-de-lart-lart-et-la-folie-5\/","title":{"rendered":"Conf\u00e9rence d\u2019Histoire de l\u2019art &#8211; L\u2019art et la folie"},"content":{"rendered":"<p style=\"text-align: justify;\"><strong>Samedi 21 janvier &#8211; 14h30<\/strong><br \/>\n<strong> Conduite par Itzhak Goldberg<\/strong><br \/>\n<em>L&rsquo;art et la folie font-ils bon m\u00e9nage ?<\/em><br \/>\nDiderot d\u00e9clare : il n&rsquo;est pas de grand artiste sans un coup<br \/>\nde hache \u00e0 la t\u00eate. <!--more--><br \/>\nLes expressionnistes allemands (<span style=\"color: #0000ff;\">Kirchner<\/span>, <span style=\"color: #0000ff;\">Heckel<\/span>, <span style=\"color: #0000ff;\">Dix<\/span>&#8230;) et <span style=\"color: #0000ff;\">Egon Schiele<\/span> c\u00f4toient les artistes de l&rsquo;asile de Gugging, <span style=\"color: #0000ff;\">Louis Soutter<\/span> ou <span style=\"color: #0000ff;\">Artaud<\/span>.<br \/>\nLes peintres surr\u00e9alistes, fascin\u00e9s par \u00ab\u00a0l&rsquo;incontr\u00f4l\u00e9\u00a0\u00bb (<span style=\"color: #0000ff;\">Ernst, Dali, Masson<\/span>) sont suivis par ceux qui s&rsquo;inscrivent dans l&rsquo;expression de l&rsquo;imm\u00e9diat comme <span style=\"color: #0000ff;\">Dubuffet<\/span>, le groupe <span style=\"color: #0000ff;\">Cobra<\/span> ou <span style=\"color: #0000ff;\">Rainer<\/span>.<br \/>\nIl reste n\u00e9anmoins que la cr\u00e9ation artistique et la folie forment un couple ambigu : un rien les s\u00e9pare et tout les oppose. Le geste d&rsquo;un artiste se laisse voguer par choix, la perte du contr\u00f4le reste contr\u00f4l\u00e9e ou inscrite dans une dur\u00e9e d\u00e9termin\u00e9e. On \u00e9voquera ainsi deux artistes dont l\u2019\u0153uvre est de type obsessionnel : <span style=\"color: #0000ff;\">Roman Opalka<\/span> et les chiffres qu\u2019il trace \u00e0 l\u2019infini sur ces toiles et<span style=\"color: #0000ff;\"> Jean-Pierre Raynaud<\/span> qui, pendant 25 ans, a construit une demeure d\u2019un blanc immacul\u00e9. Dans leur cas, la production plastique est \u00e0 l\u2019image de la d\u00e9finition donn\u00e9e par Freud \u00e0 la n\u00e9vrose, faite \u00ab\u00a0de petites pratiques, petites adjonctions, petites restrictions, qui sont accomplies, lors de certaines actions de la vie quotidienne, d&rsquo;une mani\u00e8re toujours semblable ou modifi\u00e9e selon une loi\u00a0\u00bb.<\/p>\n<p style=\"text-align: justify;\">Forum &#8211; Tout public<\/p>\n<p style=\"text-align: justify;\">Bien cordialement,<br \/>\nMagali Giannuzzi<br \/>\nResponsable Accueil &#8211; Adjointe \u00e0 la communication<br \/>\nmagali.giannuzzi@ville-martigues.fr<br \/>\nT\u00e9l : 04 42 49 01 99<br \/>\n&#8212;&#8212;&#8212;&#8212;&#8212;&#8212;&#8212;&#8212;&#8212;&#8212;&#8212;&#8212;&#8212;&#8212;&#8212;<br \/>\n<strong>M\u00e9diath\u00e8que Louis Aragon<\/strong><br \/>\n<strong> Quai des Anglais<\/strong><br \/>\n<strong> 13500 Martigues<\/strong><br \/>\n<strong> T\u00e9l : 04 42 80 27 97<\/strong><br \/>\n<strong> http:\/\/www.mediatheque-martigues.fr<\/strong><br \/>\n&#8212;&#8212;&#8212;&#8212;&#8212;&#8212;&#8212;&#8212;&#8212;&#8212;&#8212;&#8212;&#8212;&#8212;&#8211;<\/p>\n<p><a href=\"http:\/\/www.lacanquotidien.fr\/blog\/wp-content\/uploads\/2011\/12\/20111227-142846.jpg\"><img decoding=\"async\" class=\"size-full alignright\" src=\"http:\/\/www.lacanquotidien.fr\/blog\/wp-content\/uploads\/2011\/12\/20111227-142846.jpg\" alt=\"20111227-142846.jpg\" \/><\/a><\/p>\n","protected":false},"excerpt":{"rendered":"<p style=\"text-align: justify;\">Samedi 21 janvier &#8211; 14h30<br \/> Conduite par Itzhak Goldberg<br \/> L&rsquo;art et la folie font-ils bon m\u00e9nage ?<br \/> Diderot d\u00e9clare : il n&rsquo;est pas de grand artiste sans un coup<br \/> de hache \u00e0 la t\u00eate. <\/p>\n","protected":false},"author":9,"featured_media":7024,"comment_status":"closed","ping_status":"closed","sticky":false,"template":"","format":"standard","meta":{"_monsterinsights_skip_tracking":false,"_monsterinsights_sitenote_active":false,"_monsterinsights_sitenote_note":"","_monsterinsights_sitenote_category":0,"footnotes":""},"categories":[79],"tags":[1031,1022,1349,1362,1350],"class_list":["post-7014","post","type-post","status-publish","format-standard","has-post-thumbnail","hentry","category-allonsy","tag-art","tag-folie","tag-histoire-de-lart","tag-itzhak-goldberg","tag-martigues"],"_links":{"self":[{"href":"https:\/\/lacanquotidien.fr\/blog\/wp-json\/wp\/v2\/posts\/7014","targetHints":{"allow":["GET"]}}],"collection":[{"href":"https:\/\/lacanquotidien.fr\/blog\/wp-json\/wp\/v2\/posts"}],"about":[{"href":"https:\/\/lacanquotidien.fr\/blog\/wp-json\/wp\/v2\/types\/post"}],"author":[{"embeddable":true,"href":"https:\/\/lacanquotidien.fr\/blog\/wp-json\/wp\/v2\/users\/9"}],"replies":[{"embeddable":true,"href":"https:\/\/lacanquotidien.fr\/blog\/wp-json\/wp\/v2\/comments?post=7014"}],"version-history":[{"count":7,"href":"https:\/\/lacanquotidien.fr\/blog\/wp-json\/wp\/v2\/posts\/7014\/revisions"}],"predecessor-version":[{"id":7623,"href":"https:\/\/lacanquotidien.fr\/blog\/wp-json\/wp\/v2\/posts\/7014\/revisions\/7623"}],"wp:featuredmedia":[{"embeddable":true,"href":"https:\/\/lacanquotidien.fr\/blog\/wp-json\/wp\/v2\/media\/7024"}],"wp:attachment":[{"href":"https:\/\/lacanquotidien.fr\/blog\/wp-json\/wp\/v2\/media?parent=7014"}],"wp:term":[{"taxonomy":"category","embeddable":true,"href":"https:\/\/lacanquotidien.fr\/blog\/wp-json\/wp\/v2\/categories?post=7014"},{"taxonomy":"post_tag","embeddable":true,"href":"https:\/\/lacanquotidien.fr\/blog\/wp-json\/wp\/v2\/tags?post=7014"}],"curies":[{"name":"wp","href":"https:\/\/api.w.org\/{rel}","templated":true}]}}