{"id":7027,"date":"2011-12-27T20:52:32","date_gmt":"2011-12-27T19:52:32","guid":{"rendered":"http:\/\/www.lacanquotidien.fr\/blog\/?p=7027"},"modified":"2011-12-29T12:17:38","modified_gmt":"2011-12-29T11:17:38","slug":"ecf-messager-jacques-alain-miller-a-la-radio-belge","status":"publish","type":"post","link":"https:\/\/lacanquotidien.fr\/blog\/2011\/12\/ecf-messager-jacques-alain-miller-a-la-radio-belge\/","title":{"rendered":"[ecf-messager] Jacques-Alain Miller \u00e0 la radio belge"},"content":{"rendered":"<p>Rediffusion<!--more--><\/p>\n<p style=\"text-align: justify;\">Pour celles et ceux qui n&rsquo;auraient pas eu l&rsquo;opportunit\u00e9 d&rsquo;entendre les entretiens avec <strong>Jacques-Alain Miller<\/strong> sur la <strong>Premi\u00e8re<\/strong> (la radio f\u00e9d\u00e9rale francophone belge), <strong>Pascale Tison<\/strong> a d\u00e9cid\u00e9 de les rediffuser. La premi\u00e8re \u00e9mission sera rediffus\u00e9e le <strong>mercredi 28 d\u00e9cembre \u00e0 22h00<\/strong> et la seconde, le mercredi <strong>04 janvier 2012<\/strong> toujours \u00e0 22h00. Vous pourrez l\u2019\u00e9couter en direct, via le lien internet :<\/p>\n<p style=\"text-align: justify;\"><a title=\"http:\/\/www.rtbf.be\/lapremiere\/emission_par-oui-dire?id=999\" href=\"http:\/\/www.rtbf.be\/lapremiere\/emission_par-oui-dire?id=999\" target=\"_blank\">http:\/\/www.rtbf.be\/lapremiere\/emission_par-oui-dire?id=999<\/a><\/p>\n<p style=\"text-align: justify;\">Merci \u00e0 Pascale Tison de cl\u00f4turer comme cela l&rsquo;ann\u00e9e et surtout d&rsquo;inaugurer ainsi l&rsquo;ann\u00e9e 2012 : un cadeau de fin d&rsquo;ann\u00e9e qui parie sur la vie.<\/p>\n","protected":false},"excerpt":{"rendered":"<p>Rediffusion<\/p>\n","protected":false},"author":9,"featured_media":7032,"comment_status":"closed","ping_status":"closed","sticky":false,"template":"","format":"standard","meta":{"_monsterinsights_skip_tracking":false,"_monsterinsights_sitenote_active":false,"_monsterinsights_sitenote_note":"","_monsterinsights_sitenote_category":0,"footnotes":""},"categories":[917],"tags":[3239,1361],"class_list":["post-7027","post","type-post","status-publish","format-standard","has-post-thumbnail","hentry","category-programmes","tag-jam","tag-radio-belge"],"_links":{"self":[{"href":"https:\/\/lacanquotidien.fr\/blog\/wp-json\/wp\/v2\/posts\/7027","targetHints":{"allow":["GET"]}}],"collection":[{"href":"https:\/\/lacanquotidien.fr\/blog\/wp-json\/wp\/v2\/posts"}],"about":[{"href":"https:\/\/lacanquotidien.fr\/blog\/wp-json\/wp\/v2\/types\/post"}],"author":[{"embeddable":true,"href":"https:\/\/lacanquotidien.fr\/blog\/wp-json\/wp\/v2\/users\/9"}],"replies":[{"embeddable":true,"href":"https:\/\/lacanquotidien.fr\/blog\/wp-json\/wp\/v2\/comments?post=7027"}],"version-history":[{"count":7,"href":"https:\/\/lacanquotidien.fr\/blog\/wp-json\/wp\/v2\/posts\/7027\/revisions"}],"predecessor-version":[{"id":7031,"href":"https:\/\/lacanquotidien.fr\/blog\/wp-json\/wp\/v2\/posts\/7027\/revisions\/7031"}],"wp:featuredmedia":[{"embeddable":true,"href":"https:\/\/lacanquotidien.fr\/blog\/wp-json\/wp\/v2\/media\/7032"}],"wp:attachment":[{"href":"https:\/\/lacanquotidien.fr\/blog\/wp-json\/wp\/v2\/media?parent=7027"}],"wp:term":[{"taxonomy":"category","embeddable":true,"href":"https:\/\/lacanquotidien.fr\/blog\/wp-json\/wp\/v2\/categories?post=7027"},{"taxonomy":"post_tag","embeddable":true,"href":"https:\/\/lacanquotidien.fr\/blog\/wp-json\/wp\/v2\/tags?post=7027"}],"curies":[{"name":"wp","href":"https:\/\/api.w.org\/{rel}","templated":true}]}}