{"id":7070,"date":"2011-12-29T08:35:19","date_gmt":"2011-12-29T07:35:19","guid":{"rendered":"http:\/\/www.lacanquotidien.fr\/blog\/?p=7070"},"modified":"2012-01-15T21:00:18","modified_gmt":"2012-01-15T20:00:18","slug":"intermezzo-natalizio-mancamento-radiale-di-antonio-di-ciaccia","status":"publish","type":"post","link":"https:\/\/lacanquotidien.fr\/blog\/2011\/12\/intermezzo-natalizio-mancamento-radiale-di-antonio-di-ciaccia\/","title":{"rendered":"Intermezzo natalizio &#8211; \u00ab Mancamento radiale \u00bb di Antonio Di Ciaccia"},"content":{"rendered":"<p style=\"text-align: justify;\"><strong><\/strong>Empruntez ce long escalier de petites marches bord\u00e9es de pierres florentines dispos\u00e9es l\u00e0 pour vous emp\u00eacher de glisser comme si vous \u00e9tiez un cheval ou un \u00e2ne. Nous sommes \u00e0 Rome, aux <span style=\"color: #0000ff;\"><em>Scuderie del Quirinale<\/em><\/span>.<!--more--> <strong>Gae Aulenti<\/strong> est l\u2019architecte qui sut les transformer en mus\u00e9e, en conservant toutefois la rampe pour animaux, peut-\u00eatre pour vous rappeler, \u00e0 vous autres Visiteurs, qu\u2019un sc\u00e9nario \u00e0 chaque fois sans pareil sera ouvert devant vos yeux dans quelques m\u00e8tres.<\/p>\n<p style=\"text-align: justify;\">Vous voici enfin \u00e0 l\u2019entr\u00e9e. L\u00e0, vous attend la <span style=\"color: #0000ff;\"><em>Madonna col Bambino<\/em><\/span> de la <a href=\"http:\/\/www.lacanquotidien.fr\/blog\/wp-content\/uploads\/2011\/12\/Lippi11.jpg\"><img loading=\"lazy\" decoding=\"async\" class=\"alignleft size-thumbnail wp-image-7077\" title=\"Lippi1\" src=\"http:\/\/www.lacanquotidien.fr\/blog\/wp-content\/uploads\/2011\/12\/Lippi11-150x150.jpg\" alt=\"\" width=\"150\" height=\"150\" \/><\/a>Galleria Palatina de Florence. L\u2019air un peu maussade, la Vierge ne s\u2019occupe pas de l\u2019Enfant qui lui offre un grain de grenade. <span style=\"color: #0000ff;\">Ce tableau n\u2019est pas de Filippino Lippi, ni de Sandro Botticelli &#8211; les peintres qui sont ici c\u00e9l\u00e9br\u00e9s &#8211; mais de Filippo Lippi.<\/span> Le sujet est \u00e9nonc\u00e9 dans le titre du tableau mais au second plan, dans un espace au style flamand, est racont\u00e9e la naissance d\u2019une petite fille qui n\u2019est autre que la Vierge Marie.<\/p>\n<p style=\"text-align: justify;\"><strong>Pourquoi mettre au premier plan une \u0153uvre du p\u00e8re dans une exposition qui c\u00e9l\u00e8bre le fils\u00a0?<\/strong> Et pourquoi le Gabinetto Disegni e Stampe degli Uffizi r\u00e9it\u00e8re ce choix \u00e9nigmatique de proposer au visiteur un tableau du p\u00e8re au c\u00f4t\u00e9 d\u2019un autre du fils, en pr\u00e9sentant le <em>Studio di testa femminile con velo<\/em> du p\u00e8re &#8211; que le fils va reproduire dans le <em>Studio di testa femminile con cuffia<\/em> &#8211; dessin qui servit de mod\u00e8le au visage de la <em>Madonna Guidi<\/em>, \u00e0 celui du <em>Tondo Corsini<\/em> et, avec de petites variations, au visage d\u2019autres Madones peintes par Filippino Lippi.<\/p>\n<p style=\"text-align: justify;\">Est-ce dans l\u2019intention de la cacher que les organisateurs de l\u2019exposition mentionnent l\u2019\u00e9nigme dans un commentaire de la <em>Madonna col Bambino<\/em> de Lippi p\u00e8re en affirmant que ce visage n\u2019est pas celui de <span style=\"color: #0000ff;\">Lucrezia Buti<\/span>, c\u2019est-\u00e0-dire de la religieuse que Filippo Lippi, fr\u00e8re carm\u00e9lite, avait mise enceinte, sans que l\u2019on sache tr\u00e8s bien si elle \u00e9tait dans le r\u00f4le de p\u00e9nitente ou de mod\u00e8le. <strong>Les dates r\u00e9v\u00e8lent, par contre, la liaison dangereuse.<\/strong> Il est certain que le petit Filippino n\u2019a pas eu les soins de sa m\u00e8re, oblig\u00e9e \u00e0 entrer aussit\u00f4t au couvent jusqu\u2019\u00e0 la r\u00e9duction \u00e0 l\u2019\u00e9tat la\u00efc des deux amants par Pie II, Enea Piccolomini, le premier Pape de la Renaissance italienne, lequel savait bien ce qu\u2019\u00e9tait la concupiscence.<\/p>\n<p style=\"text-align: justify;\">Manque de soins maternels\u00a0? Id\u00e9alisation du r\u00f4le de sa propre m\u00e8re absente, pr\u00e9sente uniquement comme femme aim\u00e9e dans le regard du fr\u00e8re peintre\u00a0?<\/p>\n<p style=\"text-align: justify;\">Le fait est que le fils peintre perp\u00e9tue le visage de cette femme et la sanctifie.<\/p>\n<p style=\"text-align: justify;\">Nous savons \u00e9galement qu\u2019il se produit \u00e0 cette \u00e9poque un \u00e9trange renversement au c\u0153ur de l\u2019iconographie mariale\u00a0: la statique byzantine <em>Theotokos<\/em>, la M\u00e8re de Dieu, se transforme en une femme humaine, trop humaine. Ce renversement est sans doute la cons\u00e9quence de cet amour courtois encore une fois c\u00e9l\u00e9br\u00e9 par Filippino Lippi dans la toile de la Badia Fiorentina o\u00f9 la Vierge, que Dante avait d\u00e9j\u00e0 pr\u00e9sent\u00e9e comme son troubadour mystique, appara\u00eet \u00e0 saint Bernard.<\/p>\n<p style=\"text-align: justify;\">La psychanalyste du Pape Melville du film <em>Habemus Papam<\/em> de Nanni Moretti se serait satisfaite de cette explication. Nous ne le f\u00fbmes pas. <strong>Nous avons cherch\u00e9 \u00e0 savoir sur quelle figure paternelle le jeune Filippino, \u00e2g\u00e9 de 12 ans s\u2019est appuy\u00e9 lorsque mour\u00fbt son p\u00e8re, laissant inachev\u00e9es les fresques \u00e0 la cath\u00e9drale de Spoleto.\u00a0<\/strong><\/p>\n<p style=\"text-align: justify;\">Nous savons que <span style=\"color: #0000ff;\">Sandro Botticelli<\/span>, son a\u00een\u00e9 de quelques ann\u00e9es, l\u2019accueillit dans son atelier, non pas comme gar\u00e7on, mais en tant que pair. Il reconnait le talent du fils de ce peintre aupr\u00e8s duquel il apprend l\u2019art de peindre les gr\u00e2ces f\u00e9minines.<\/p>\n<p style=\"text-align: justify;\">Filippino montre sa reconnaissance \u00e0 ce p\u00e8re putatif en le peignant de profil dans l\u2019une des fresques compl\u00e9tant l\u2019\u0153uvre de Masaccio dans la chapelle Brancacci de l\u2019Eglise du Carmel. Avec cette fresque, Botticelli est \u00e0 l\u2019acm\u00e9 de sa force et de sa renomm\u00e9e.<\/p>\n<p style=\"text-align: justify;\">Quelques ann\u00e9es plus tard, Filippino arrive au z\u00e9nith de sa renomm\u00e9e, alors que Botticelli se trouve en pleine crise artistique et religieuse, emport\u00e9 par les questions de Savonarola, le fr\u00e8re dominicain, pendu et br\u00fbl\u00e9 au temps du Pape Borgia, Alexandre VI.<\/p>\n<p style=\"text-align: justify;\">Ne serait-ce pas celui de Botticelli en crise, ce visage de \u00ab\u00a0<em>piagnone\u00a0<\/em>\u00bb que <a href=\"http:\/\/www.lacanquotidien.fr\/blog\/wp-content\/uploads\/2011\/12\/Lippi2.jpg\"><img loading=\"lazy\" decoding=\"async\" class=\"alignright size-thumbnail wp-image-7076\" title=\"Lippi2\" src=\"http:\/\/www.lacanquotidien.fr\/blog\/wp-content\/uploads\/2011\/12\/Lippi2-150x150.jpg\" alt=\"\" width=\"150\" height=\"150\" \/><\/a>Filippino pr\u00eate \u00e0 saint Jean qui pleure avec Marie le Christ mort, dans ce tableau retrouv\u00e9 en 2006 par Strehlke au ch\u00e2teau de Peralada en Catalogne\u00a0?<\/p>\n<p style=\"text-align: justify;\">Dans les <em>Vite<\/em>, en 1550, Vasari \u00e9crit sur Filippino<em>\u00a0<\/em>: \u00ab\u00a0<span style=\"color: #ff0000;\"><em>Rest\u00f2 la fama di questo gentil maestro talmente nei cuori di quegli che l\u2019avevano praticato, ch\u2019e\u2019 merit\u00f2 coprire con la grazia della sua virt\u00f9 l\u2019infamia della nativit\u00e0 sua, e sempre visse in grandezza e in riputazione<\/em>.<\/span> [Dans le c\u0153ur de ceux qui l\u2019ont fr\u00e9quent\u00e9 demeure tellement la renomm\u00e9e de ce gentil peintre qu\u2019il est m\u00e9rit\u00e9 de couvrir par la gr\u00e2ce de sa vertu l\u2019infamie de sa naissance, ayant toujours v\u00e9cu dans la splendeur et la r\u00e9putation]\u00a0\u00bb .<\/p>\n<p><strong><span style=\"color: #3366ff;\">\u2666 L\u2019exposition est ouverte jusqu\u2019au 15 janvier 2012.<\/span><\/strong><\/p>\n","protected":false},"excerpt":{"rendered":"<p style=\"text-align: justify;\">Empruntez ce long escalier de petites marches bord\u00e9es de pierres florentines dispos\u00e9es l\u00e0 pour vous emp\u00eacher de glisser comme si vous \u00e9tiez un cheval ou un \u00e2ne. Nous sommes \u00e0 Rome, aux Scuderie del Quirinale.<\/p>\n","protected":false},"author":9,"featured_media":7077,"comment_status":"closed","ping_status":"closed","sticky":false,"template":"","format":"standard","meta":{"_monsterinsights_skip_tracking":false,"_monsterinsights_sitenote_active":false,"_monsterinsights_sitenote_note":"","_monsterinsights_sitenote_category":0,"footnotes":""},"categories":[181,19,562],"tags":[1341,1032,1347,1346,1342,1348,1345,1340,691,1344,1343],"class_list":["post-7070","post","type-post","status-publish","format-standard","has-post-thumbnail","hentry","category-arts","category-chroniques","category-italiano","tag-botticelli","tag-exposition","tag-filippino-lippi","tag-filippo-lippi","tag-lippi","tag-lucrezia-buti","tag-madonna-col-bambino","tag-natalizio","tag-peinture","tag-rome","tag-scuderie-del-quinerale"],"_links":{"self":[{"href":"https:\/\/lacanquotidien.fr\/blog\/wp-json\/wp\/v2\/posts\/7070","targetHints":{"allow":["GET"]}}],"collection":[{"href":"https:\/\/lacanquotidien.fr\/blog\/wp-json\/wp\/v2\/posts"}],"about":[{"href":"https:\/\/lacanquotidien.fr\/blog\/wp-json\/wp\/v2\/types\/post"}],"author":[{"embeddable":true,"href":"https:\/\/lacanquotidien.fr\/blog\/wp-json\/wp\/v2\/users\/9"}],"replies":[{"embeddable":true,"href":"https:\/\/lacanquotidien.fr\/blog\/wp-json\/wp\/v2\/comments?post=7070"}],"version-history":[{"count":10,"href":"https:\/\/lacanquotidien.fr\/blog\/wp-json\/wp\/v2\/posts\/7070\/revisions"}],"predecessor-version":[{"id":7629,"href":"https:\/\/lacanquotidien.fr\/blog\/wp-json\/wp\/v2\/posts\/7070\/revisions\/7629"}],"wp:featuredmedia":[{"embeddable":true,"href":"https:\/\/lacanquotidien.fr\/blog\/wp-json\/wp\/v2\/media\/7077"}],"wp:attachment":[{"href":"https:\/\/lacanquotidien.fr\/blog\/wp-json\/wp\/v2\/media?parent=7070"}],"wp:term":[{"taxonomy":"category","embeddable":true,"href":"https:\/\/lacanquotidien.fr\/blog\/wp-json\/wp\/v2\/categories?post=7070"},{"taxonomy":"post_tag","embeddable":true,"href":"https:\/\/lacanquotidien.fr\/blog\/wp-json\/wp\/v2\/tags?post=7070"}],"curies":[{"name":"wp","href":"https:\/\/api.w.org\/{rel}","templated":true}]}}