{"id":7294,"date":"2012-01-08T12:43:53","date_gmt":"2012-01-08T11:43:53","guid":{"rendered":"http:\/\/www.lacanquotidien.fr\/blog\/?p=7294"},"modified":"2012-01-26T18:25:00","modified_gmt":"2012-01-26T17:25:00","slug":"conference-de-philippe-sollers-de-manet-a-picasso-leclaircie","status":"publish","type":"post","link":"https:\/\/lacanquotidien.fr\/blog\/2012\/01\/conference-de-philippe-sollers-de-manet-a-picasso-leclaircie\/","title":{"rendered":"Conf\u00e9rence de Philippe Sollers, De Manet \u00e0 Picasso : l\u2019\u00c9claircie"},"content":{"rendered":"<p><strong style=\"font-family: Arial; color: #222222;\">De Manet \u00e0 Picasso\u00a0: l\u2019\u00c9claircie<\/strong><\/p>\n<p><strong><span style=\"color: #ff0000;\"><span style=\"font-family: Arial;\">Coll\u00e8ge des Bernardins, Paris, conf\u00e9rence du d\u00e9partement de recherche\u00a0 \u00ab\u00a0la parole de l&rsquo;art\u00a0\u00bb,\u00a0<\/span><\/span><\/strong><strong style=\"font-family: Arial; color: #222222;\">Lundi 23 janvier 2012, de 19h30 \u00e0 21h.<!--more--><\/strong><\/p>\n<p><span style=\"color: #222222;\"><span style=\"font-family: Arial;\"><strong>Conf\u00e9rence de Philippe Sollers<br \/>\n<\/strong><\/span><\/span><span style=\"color: #222222;\"><span style=\"font-family: Arial;\">La peinture est un grand roman que d\u00e9voilent deux cas exceptionnels, Manet et Picasso, dont on trouvera l\u2019analyse \u00e0 travers un film qui porte essentiellement sur la p\u00e9riode cubiste de Picasso. Manet et Picasso, romanciers.<br \/>\n<\/span><\/span><span style=\"color: #222222;\"><span style=\"font-family: Arial;\"><strong>Lundi 23 janvier 2012, de 19h30 \u00e0 21h au Coll\u00e8ge des Bernardins.<\/strong><\/span><\/span><\/p>\n<p style=\"text-align: center;\"><a href=\"http:\/\/www.collegedesbernardins.fr\/\"><img loading=\"lazy\" decoding=\"async\" class=\"aligncenter size-full wp-image-7295\" title=\"L'\u00e9claicie temp\" src=\"http:\/\/www.lacanquotidien.fr\/blog\/wp-content\/uploads\/2012\/01\/L\u00e9claicie-temp.jpg\" alt=\"\" width=\"768\" height=\"1280\" srcset=\"https:\/\/lacanquotidien.fr\/blog\/wp-content\/uploads\/2012\/01\/L\u00e9claicie-temp.jpg 768w, https:\/\/lacanquotidien.fr\/blog\/wp-content\/uploads\/2012\/01\/L\u00e9claicie-temp-180x300.jpg 180w, https:\/\/lacanquotidien.fr\/blog\/wp-content\/uploads\/2012\/01\/L\u00e9claicie-temp-614x1024.jpg 614w\" sizes=\"auto, (max-width: 768px) 100vw, 768px\" \/><\/a><\/p>\n","protected":false},"excerpt":{"rendered":"<p>De Manet \u00e0 Picasso\u00a0: l\u2019\u00c9claircie<\/p>\n<p>Coll\u00e8ge des Bernardins, Paris, conf\u00e9rence du d\u00e9partement de recherche\u00a0 \u00ab\u00a0la parole de l&rsquo;art\u00a0\u00bb,\u00a0Lundi 23 janvier 2012, de 19h30 \u00e0 21h.<\/p>\n","protected":false},"author":9,"featured_media":7296,"comment_status":"closed","ping_status":"closed","sticky":false,"template":"","format":"standard","meta":{"_monsterinsights_skip_tracking":false,"_monsterinsights_sitenote_active":false,"_monsterinsights_sitenote_note":"","_monsterinsights_sitenote_category":0,"footnotes":""},"categories":[79],"tags":[1465,1447,263],"class_list":["post-7294","post","type-post","status-publish","format-standard","has-post-thumbnail","hentry","category-allonsy","tag-college-des-bernadins","tag-de-manet-a-picasso","tag-philippe-sollers"],"_links":{"self":[{"href":"https:\/\/lacanquotidien.fr\/blog\/wp-json\/wp\/v2\/posts\/7294","targetHints":{"allow":["GET"]}}],"collection":[{"href":"https:\/\/lacanquotidien.fr\/blog\/wp-json\/wp\/v2\/posts"}],"about":[{"href":"https:\/\/lacanquotidien.fr\/blog\/wp-json\/wp\/v2\/types\/post"}],"author":[{"embeddable":true,"href":"https:\/\/lacanquotidien.fr\/blog\/wp-json\/wp\/v2\/users\/9"}],"replies":[{"embeddable":true,"href":"https:\/\/lacanquotidien.fr\/blog\/wp-json\/wp\/v2\/comments?post=7294"}],"version-history":[{"count":5,"href":"https:\/\/lacanquotidien.fr\/blog\/wp-json\/wp\/v2\/posts\/7294\/revisions"}],"predecessor-version":[{"id":8045,"href":"https:\/\/lacanquotidien.fr\/blog\/wp-json\/wp\/v2\/posts\/7294\/revisions\/8045"}],"wp:featuredmedia":[{"embeddable":true,"href":"https:\/\/lacanquotidien.fr\/blog\/wp-json\/wp\/v2\/media\/7296"}],"wp:attachment":[{"href":"https:\/\/lacanquotidien.fr\/blog\/wp-json\/wp\/v2\/media?parent=7294"}],"wp:term":[{"taxonomy":"category","embeddable":true,"href":"https:\/\/lacanquotidien.fr\/blog\/wp-json\/wp\/v2\/categories?post=7294"},{"taxonomy":"post_tag","embeddable":true,"href":"https:\/\/lacanquotidien.fr\/blog\/wp-json\/wp\/v2\/tags?post=7294"}],"curies":[{"name":"wp","href":"https:\/\/api.w.org\/{rel}","templated":true}]}}