{"id":8181,"date":"2012-01-30T20:06:22","date_gmt":"2012-01-30T19:06:22","guid":{"rendered":"http:\/\/www.lacanquotidien.fr\/blog\/?p=8181"},"modified":"2012-01-30T20:06:22","modified_gmt":"2012-01-30T19:06:22","slug":"euronews-kriegel-durant-soiree-exceptionnelle-a-bruxelles-een-boeiend-debat-till-contre-darth-vader-et-tannekin","status":"publish","type":"post","link":"https:\/\/lacanquotidien.fr\/blog\/2012\/01\/euronews-kriegel-durant-soiree-exceptionnelle-a-bruxelles-een-boeiend-debat-till-contre-darth-vader-et-tannekin\/","title":{"rendered":"Euronews &#8211; Kriegel-Durant &#8211; Soir\u00e9e exceptionnelle \u00e0 Bruxelles &#8211; Een boeiend debat ! Till contre Darth Vader, &#8230; et Tannekin."},"content":{"rendered":"<div>\n<div style=\"text-align: center;\"><span style=\"color: #ff0000;\"><strong>L\u2019Association de la Cause Freudienne en Belgique et le Kring voor Psychoanalyse,<\/strong><\/span><\/div>\n<div style=\"text-align: center;\"><span style=\"color: #ff0000;\"><strong>sous l\u2019\u00e9gide de l\u2019EuroF\u00e9d\u00e9ration de Psychanalyse,<\/strong><\/span><\/div>\n<div style=\"text-align: center;\"><span style=\"color: #ff0000;\"><strong>interrogent la figure moderne du pouvoir.<\/strong><\/span><\/div>\n<div style=\"text-align: center;\"><strong><br \/>\n<\/strong><\/div>\n<div style=\"text-align: center;\"><span style=\"font-family: Calibri; font-size: large; color: #0000ff;\"><strong><em>Till contre Darth Vader,<\/em><\/strong><\/span><\/div>\n<div style=\"text-align: center;\"><span style=\"font-family: Calibri; font-size: large; color: #0000ff;\"><strong><em>&#8230; et Tannekin<\/em><\/strong><\/span><\/div>\n<div style=\"text-align: center;\"><span style=\"font-family: Calibri; font-size: large;\"><strong><em><a href=\"http:\/\/www.lacanquotidien.fr\/blog\/wp-content\/uploads\/2012\/01\/Affiche-Kriegel-A41.jpg\"><img loading=\"lazy\" decoding=\"async\" class=\"aligncenter size-medium wp-image-8183\" title=\"Affiche-Kriegel-A4\" src=\"http:\/\/www.lacanquotidien.fr\/blog\/wp-content\/uploads\/2012\/01\/Affiche-Kriegel-A41-212x300.jpg\" alt=\"\" width=\"212\" height=\"300\" srcset=\"https:\/\/lacanquotidien.fr\/blog\/wp-content\/uploads\/2012\/01\/Affiche-Kriegel-A41-212x300.jpg 212w, https:\/\/lacanquotidien.fr\/blog\/wp-content\/uploads\/2012\/01\/Affiche-Kriegel-A41-723x1024.jpg 723w, https:\/\/lacanquotidien.fr\/blog\/wp-content\/uploads\/2012\/01\/Affiche-Kriegel-A41.jpg 1000w\" sizes=\"auto, (max-width: 212px) 100vw, 212px\" \/><\/a><br \/>\n<\/em><\/strong><\/span><\/div>\n<div>\n<p align=\"justify\"><span>Philippe Hellebois me dit qu\u2019il faut, pour ces billets qu\u2019il appr\u00e9cie et suit avec int\u00e9r\u00eat, \u00e9crire quelque chose sur Thijl Ulenspiegel.\u00a0\u00a0Mais voil\u00e0, pris par la grande \u0153uvre \u2013 chut ! \u2013 il envoie quelqu\u2019un d\u2019autre au front. Gil Caroz, me dit-il ? Ah, personnellement, je ne sais pas pourquoi, je trouve que c\u2019est une id\u00e9e qui colle. Mais il est lui pour le moment sur un front mondial\u2026 Quelques lignes au pas de charge donc.<\/span><\/p>\n<p align=\"justify\"><span>Thyl (les diff\u00e9rentes orthographes sont re\u00e7ues) Ulenpsiegel ? Mais oui, bien entendu ! Guillaume d\u2019Orange, bien s\u00fbr. Mais le temps passant, c\u2019est d<\/span><span>evenu pour nous Outre-Moerdijck. Notre David, c\u2019est en partie Ast\u00e9rix, certes, mais c\u2019est surtout Til. Seul contre tous et les empires \u2013 dont Kriegel dit que le \u00ab moment d\u00e9cisif de bascule de notre monde \u00bb qui se produit dans ce moment hollandais qu\u2019elle \u00e9pingle porte justement cette marque structurale de se construire\u00a0<em>contre<\/em>l\u2019empire. C\u2019est le mouvement m\u00eame. C\u2019est une position qui n\u2019est pas sans attirer pour une part la\u00a0sympathie du psychanalyste lacanien. D\u2019ailleurs, lui, Lacan\u2026 Tenir t\u00eate contre les empires. Ce n\u2019est pas pour rien, comme le fait remarquer JAM, que Philippe II n\u2019est pas sans quelque ressemblance avec le Darth Vader de\u2026\u00a0<em>L\u2019empire contre-attaque\u00a0<\/em>\u2013 puisqu\u2019on n\u2019est pas sans savoir, s\u2019il l\u2019on a le peu de culture n\u00e9cessaire, que sa figure ne sera pas sans \u00e9voluer \u2013 comme celle de Guillaume d\u2019ailleurs<em>.\u00a0<\/em>Je vous renvoie aux pages magnifiques de\u00a0<em>La r\u00e9publique et le Prince moderne<\/em>\u00a0\u00e0 ce sujet.<\/span><\/p>\n<p align=\"justify\"><span>JAM. Tiens pourquoi lui, d\u2019ailleurs ? Eh bien, il le dit, dans<em> Lacan Quotidien 100,<\/em> (<a href=\"..\/category\/lq-lacanquotidien\/\" target=\"_blank\">http:\/\/www.lacanquotidien.<wbr>fr\/blog\/category\/lq-<wbr>lacanquotidien\/<\/wbr><\/wbr><\/a>) : <\/span><\/p>\n<p align=\"justify\"><span>\u00ab Les Provinces-Unies contre \u00ab Les Espagnes \u00bb, c\u2019est David contre Goliath, c\u2019est \u00ab comment Yukong d\u00e9pla\u00e7a les montagnes (encore une lecture que nous avons eue en commun Blandine et moi). C\u2019est toutes proportions gard\u00e9es, AMP contre IPA, ECF contre l\u2019Amendement. On aura reconnu mon \u00ab sinthome \u00bb Horatius Cocl\u00e8s : tenir t\u00eate seul contre tous, ou cent contre mille, ou mille contre dix mille. Le faible ne dissuade le fort que si, c\u00f4t\u00e9 concepts, il est trapu, id\u00e9ologiquement par\u00e9, dense, imprenable, tout d\u2019un bloc, sans division subjective (phrase qui a particuli\u00e8rement retenu Philippe Bouillot,\u00a0<em>ndlr<\/em>)[\u2026] Ma dilection pour Guillaume [d\u2019Orange] remonte loin. La devise \u00ab Je maintiendrai \u00bb, je l\u2019\u00e9voquais durant les combats de la dissolution (1980-1981)\u00a0\u00a0&#8211; (dont le r\u00e9cent proc\u00e8s d\u2019intention \u00e0 l\u2019encontre de Judith Miller par E. Roudinesco n\u2019est pas sans en marquer un des retours \u2013\u00a0<em>ndlr<\/em>) -, car j\u2019entendais en effet maintenir l\u2019enseignement de Lacan \u2013 et int\u00e9gralement, passe comprise \u2013 face aux liquidateurs de la petite \u00ab r\u00e9publique d\u2019\u00c9cole \u00bb lacanienne. Plus loin encore, je me demande si je n\u2019ai pas \u00e9t\u00e9 d\u2019abord gagn\u00e9 \u00e0 la cause n\u00e9erlandaise par ce film qui m\u2019avait enchant\u00e9 enfant,\u00a0<em>Les aventures de Till Eulenspiegel<\/em>. Le h\u00e9ros flamand [\u2026] \u00bb Till, l\u2019espi\u00e8gle. Eh bien nous y voil\u00e0 de retour !<\/span><\/p>\n<p align=\"justify\"><span>J\u2019en retrouve un exemplaire par mon beau-p\u00e8re, qui, allez savoir par quels d\u00e9tours, est une \u00e9dition francophone destin\u00e9e \u00e0 \u00eatre \u00e9tudi\u00e9e \u00e0 l\u2019universit\u00e9 de Moscou. Titre dans le plus pur style de la litt\u00e9rature picaresque :\u00a0<em>La l\u00e9gende et les aventures h\u00e9ro\u00efques, joyeuses et glorieuses d\u2019Ulenpsiegel et de Lamme Goedzak\u00a0<\/em>(\u00e0 ne pas oublier effectivement, Lamme)\u00a0<em>au pays de Flandres\u00a0\u00a0et ailleurs.<\/em>C\u2019est que c\u2019est en fran\u00e7ais que Charles de Coster rend \u00e9pique la figure de Till, et nous livre notre h\u00e9ros de ce c\u00f4t\u00e9-ci des Provinces en voie d\u2019unification, au service de la n\u00e9cessaire identification dont parle, \u00e0 partir de Freud et de sa<em>Massenpsychologie<\/em>, Eric Laurent, dans\u00a0<em>LQ 113.\u00a0<\/em>N\u00e9cessaire identification \u00e0 la naissance d\u2019un sentiment national pour lequel notre Guillaume fera pragmatiquement appel \u00e0 la R\u00e9forme, religion contre celle de l\u2019empire catholique. Till incarne le c\u0153ur et l\u2019esprit des Flandres (dans son sens historique qui va du Brabant, \u00e0 Gand, de Tournai, au nord de la France actuelle, ses Ch\u2019tis et son Paris-Roubaix) et \u00e9voque le folklore, le climat et les traditions, dixit Wiki. M\u00ealant l\u2019histoire et le mythe, l\u2019aventure d\u2019une famille et celle d\u2019un peuple, Till est surtout le d\u00e9fenseur de la libert\u00e9, celui qui a lutt\u00e9 contre l\u2019oppression de Philippe II et du Duc D\u2019Albe, le h\u00e9ros qui s\u2019est dress\u00e9 contre toutes les formes d\u2019oppression. La pr\u00e9face de ma fameuse \u00e9dition moscovite n\u2019est pas sans rajouter que c\u2019est de l\u2019<em>Ulenpsiegel\u00a0<\/em>de Charles de Coster qu\u2019est tout simplement issue la litt\u00e9rature belge.<\/span><\/p>\n<div><span>\u00ab Ulenspiegel alla donc \u00e0 l\u2019\u00e9glise suivi de toute la noce, et l\u00e0 il \u00e9pousa devant le pr\u00eatre Tannekin si belle et si\u00a0\u00a0mignonne, si accorte et bien en chair, qu\u2019il e\u00fbt volontiers mordu dans ses joues comme en une pomme d\u2019amour. Et il le lui dit, n\u2019osant le faire par respect qu\u2019il avait de sa douce beaut\u00e9. Mais elle, boudeuse, lui dit :<\/span><\/div>\n<div><span>\u2014 Laissez-moi, voici Hans qui vous regarde pour vous tuer.<\/span><\/div>\n<div><span>Et une fillette jalouse lui dit :<\/span><\/div>\n<div><span>\u2014 Cherche ailleurs ;\u00a0\u00a0ne vois-tu point qu\u2019elle a peur de son homme ?<\/span><\/div>\n<div><span>Lamme se frottant les mains, s\u2019\u00e9criait :<\/span><\/div>\n<div><span>\u2014 Tu ne les auras point toutes, vaurien.<\/span><\/div>\n<div><span>Et il \u00e9tait tout aise. \u00bb<\/span><\/div>\n<div><span>C\u2019est que jusqu\u2019\u00e0 pr\u00e9sent la liste des noms est longue d\u2019hommes. Rajoutons-y quelques amis, BHL, Sollers \u2013 qui semble avoir eu son moment, on esp\u00e8re court, nietzsch\u00e9en turinois lors de sa derni\u00e8re conf\u00e9rence au Coll\u00e8ge des Bernardins (<a href=\"http:\/\/www.pileface.com\/sollers\/article.php3?id_article=1246&amp;var_mode=recalcul\" target=\"_blank\">http:\/\/www.pileface.com\/<wbr>sollers\/article.php3?id_<wbr>article=1246&amp;var_mode=recalcul<\/wbr><\/wbr><\/a><wbr>), etc.<\/wbr><\/span><\/div>\n<div><span>C\u2019est que Seul contre tous, s\u2019inclut n\u00e9anmoins dans une logique du tout. Et voil\u00e0 Tannekin. Et Lamme Goedzak :\u00a0<em>pas toutes<\/em>. Le f\u00e9minin ouvre aussi l\u2019acc\u00e8s \u00e0 une autre jouissance. Il s\u2019agit l\u00e0 d\u2019autre chose, qui r\u00e9siste \u00e0 entrer dans le champ du droit et du\u00a0<em>pour tous<\/em>, qui va de pair avec <\/span><span><a href=\"http:\/\/www.lacanquotidien.fr\/blog\/wp-content\/uploads\/2012\/01\/BLANDINE.jpg\"><img loading=\"lazy\" decoding=\"async\" class=\" wp-image-8184 alignleft\" title=\"BLANDINE\" src=\"http:\/\/www.lacanquotidien.fr\/blog\/wp-content\/uploads\/2012\/01\/BLANDINE.jpg\" alt=\"\" width=\"148\" height=\"166\" \/><\/a><\/span><span>l\u2019exclusion de ce qui y objecte. Du f\u00e9minin, par exemple. Ou de la psychanalyse, pour prendre au hasard un autre exemple. Le monde se f\u00e9minisant, ce n\u2019est peut-\u00eatre pas sans cons\u00e9quences et effets. Ce n\u2019est probablement pas pour rien que nos deux invit\u00e9es sont des femmes. Lisez \u00e0 ce sujet les questions adress\u00e9es par Lilia Mahjoub (LQ 107) \u00e0 Blandine Kriegel.<\/span><\/div>\n<div><span>\u00c0<\/span><span>\u00a0la lecture vite, d\u2019ici mardi, car tout cela est passionnant ! Encore une h\u00e9sitation \u00e0 venir ?<\/span><\/div>\n<div><span>Yves Vanderveken<\/span><\/div>\n<div><span>28\/01\/2012<\/span><\/div>\n<div><\/div>\n<\/div>\n<div style=\"text-align: center;\"><span style=\"color: #0000ff;\"><strong>Le mardi 31 janvier, \u00e0 18h30 au BIP<\/strong><\/span><\/div>\n<div style=\"text-align: center;\"><span style=\"color: #0000ff;\"><strong>Place Royale, entr\u00e9e 10-11, \u00e0 Bruxelles.<\/strong><\/span><\/div>\n<div style=\"text-align: center;\"><span style=\"color: #0000ff;\"><strong><span style=\"font-size: small;\">P.A.F. : 10 euros<\/span><\/strong><\/span><\/div>\n<\/div>\n<div>\n<div>______________________________<wbr>______________<\/wbr><\/div>\n<div><\/div>\n<\/div>\n","protected":false},"excerpt":{"rendered":"<p>L\u2019Association de la Cause Freudienne en Belgique et le Kring voor Psychoanalyse, sous l\u2019\u00e9gide de l\u2019EuroF\u00e9d\u00e9ration de Psychanalyse, interrogent la figure moderne du pouvoir. <br \/> Till contre Darth Vader, &#8230; et Tannekin <a href=\"http:\/\/www.lacanquotidien.fr\/blog\/wp-content\/uploads\/2012\/01\/Affiche-Kriegel-A41.jpg\"><\/a> <\/p>\n<p align=\"justify\">Philippe Hellebois me dit qu\u2019il faut, pour ces billets qu\u2019il appr\u00e9cie et suit avec int\u00e9r\u00eat, \u00e9crire quelque chose [&#8230;]<\/p>\n","protected":false},"author":9,"featured_media":8182,"comment_status":"closed","ping_status":"closed","sticky":false,"template":"","format":"standard","meta":{"_monsterinsights_skip_tracking":false,"_monsterinsights_sitenote_active":false,"_monsterinsights_sitenote_note":"","_monsterinsights_sitenote_category":0,"footnotes":""},"categories":[917],"tags":[],"class_list":["post-8181","post","type-post","status-publish","format-standard","has-post-thumbnail","hentry","category-programmes"],"_links":{"self":[{"href":"https:\/\/lacanquotidien.fr\/blog\/wp-json\/wp\/v2\/posts\/8181","targetHints":{"allow":["GET"]}}],"collection":[{"href":"https:\/\/lacanquotidien.fr\/blog\/wp-json\/wp\/v2\/posts"}],"about":[{"href":"https:\/\/lacanquotidien.fr\/blog\/wp-json\/wp\/v2\/types\/post"}],"author":[{"embeddable":true,"href":"https:\/\/lacanquotidien.fr\/blog\/wp-json\/wp\/v2\/users\/9"}],"replies":[{"embeddable":true,"href":"https:\/\/lacanquotidien.fr\/blog\/wp-json\/wp\/v2\/comments?post=8181"}],"version-history":[{"count":2,"href":"https:\/\/lacanquotidien.fr\/blog\/wp-json\/wp\/v2\/posts\/8181\/revisions"}],"predecessor-version":[{"id":8186,"href":"https:\/\/lacanquotidien.fr\/blog\/wp-json\/wp\/v2\/posts\/8181\/revisions\/8186"}],"wp:featuredmedia":[{"embeddable":true,"href":"https:\/\/lacanquotidien.fr\/blog\/wp-json\/wp\/v2\/media\/8182"}],"wp:attachment":[{"href":"https:\/\/lacanquotidien.fr\/blog\/wp-json\/wp\/v2\/media?parent=8181"}],"wp:term":[{"taxonomy":"category","embeddable":true,"href":"https:\/\/lacanquotidien.fr\/blog\/wp-json\/wp\/v2\/categories?post=8181"},{"taxonomy":"post_tag","embeddable":true,"href":"https:\/\/lacanquotidien.fr\/blog\/wp-json\/wp\/v2\/tags?post=8181"}],"curies":[{"name":"wp","href":"https:\/\/api.w.org\/{rel}","templated":true}]}}