{"id":8547,"date":"2012-02-13T07:16:58","date_gmt":"2012-02-13T06:16:58","guid":{"rendered":"http:\/\/www.lacanquotidien.fr\/blog\/?p=8547"},"modified":"2012-05-13T13:38:40","modified_gmt":"2012-05-13T11:38:40","slug":"autisme-les-amalgames-delisabeth-roudinesco-par-eric-laurent","status":"publish","type":"post","link":"https:\/\/lacanquotidien.fr\/blog\/2012\/02\/autisme-les-amalgames-delisabeth-roudinesco-par-eric-laurent\/","title":{"rendered":"Lacan Quotidien n\u00b0154. 2e \u00e9dition &#8211; La Haute Autorit\u00e9 fait parler d&rsquo;elle"},"content":{"rendered":"<p><a href=\"http:\/\/www.lacanquotidien.fr\/blog\/wp-content\/uploads\/2012\/02\/LQ-154-2e-\u00e9dition1.pdf\">LQ 154 2e \u00e9dition<\/a>\u2190Pour consulter le num\u00e9ro (\u00e9dition de 19h20), veuillez cliquer sur ce lien<\/p>\n<p><!--more--><\/p>\n<p style=\"text-align: justify;\"><span style=\"color: #0000ff;\">La Haute Autorit\u00e9 de Sant\u00e9 fait parler d\u2019elle&#8230;<\/span><a href=\"http:\/\/www.lacanquotidien.fr\/blog\/wp-content\/uploads\/2012\/02\/HAS.jpg\"><img loading=\"lazy\" decoding=\"async\" class=\"aligncenter  wp-image-8579\" title=\"HAS\" src=\"http:\/\/www.lacanquotidien.fr\/blog\/wp-content\/uploads\/2012\/02\/HAS-150x150.jpg\" alt=\"\" width=\"150\" height=\"150\" \/><\/a><\/p>\n<p style=\"text-align: justify;\">L\u2019information parue ce matin dans \u201cLib\u00e9ration\u201d, sous la signature d\u2019Eric Favereau, concernant les formulations que contiendrait le prochain rapport de la Haute Autorit\u00e9 de Sant\u00e9 \u00e0 propos de l\u2019autisme, s\u2019est r\u00e9pandue comme une tra\u00een\u00e9e de poudre dans le milieu psy, et a r\u00e9volutionn\u00e9 les professions concern\u00e9es.<\/p>\n<p style=\"text-align: justify;\">La HAS n\u2019est pas rest\u00e9e inerte. Ce m\u00eame jour, elle a fait para\u00eetre sur son site un communiqu\u00e9 qui pourrait d\u00e9noter une certaine inqui\u00e9tude.\u00a0 Il semble que ladite Autorit\u00e9 n\u2019avait pas anticip\u00e9 l\u2019effet sensationnel de ses annonces imprudentes. On lira ci-dessous ce communiqu\u00e9 entortill\u00e9. Rendez-vous est donc pris pour le 6 mars.<\/p>\n<p style=\"text-align: justify;\">Plusieurs p\u00e9titions sont en pr\u00e9paration chez les psys. \u201cLacan Quotidien\u201d se fera l\u2019\u00e9cho de toutes. Que 100 p\u00e9titions fleurissent ! Leur bouquet sera pour la HAS.<\/p>\n<p style=\"text-align: justify;\">Communiqu\u00e9 de la HAS<\/p>\n<p style=\"text-align: justify;\">A la suite de la parution ce jour d\u2019un article du journal Lib\u00e9ration consacr\u00e9 \u00e0 l\u2019autisme, la Haute Autorit\u00e9 de Sant\u00e9 (HAS) et l\u2019Agence nationale de l\u2019\u00e9valuation et de la qualit\u00e9 des \u00e9tablissements et services sociaux et m\u00e9dico-sociaux (Anesm) ont tenu \u00e0 apporter certaines pr\u00e9cisions.<\/p>\n<p style=\"text-align: justify;\">L\u2019Anesm et la HAS ont d\u00e9but\u00e9 en 2010 l\u2019\u00e9laboration de recommandations de bonne pratique sur l\u2019autisme et les troubles envahissants du d\u00e9veloppement chez l\u2019enfant et l\u2019adolescent. Ce travail est en cours de finalisation. L\u2019Anesm et la HAS d\u00e9lib\u00e9reront d\u2019ici la fin du mois de f\u00e9vrier sur une version d\u00e9finitive qui tiendra compte des \u00e9ventuelles observations de l\u2019ensemble des experts qui ont particip\u00e9 \u00e0 ce travail.<\/p>\n<p style=\"text-align: justify;\">L\u2019Anesm et la HAS regrettent que les phrases cit\u00e9es se r\u00e9v\u00e8lent hors contexte ou inexactes au regard de la version actuelle du document.<\/p>\n<p style=\"text-align: justify;\">L\u2019Anesm et la HAS rappellent que ces recommandations seront pr\u00e9sent\u00e9es lors d\u2019une conf\u00e9rence de presse le 6 mars prochain. L\u2019objectif sera de mettre en lumi\u00e8re les avanc\u00e9es les plus importantes pour les enfants et leur famille ainsi que pour les professionnels pour les professionnels concern\u00e9s des secteurs m\u00e9dico-social et sanitaire.<\/p>\n<h3 style=\"text-align: center;\">\u2022\u2022\u2022<\/h3>\n<h3 style=\"text-align: center;\">Unes altres veus \/ Otras Voces<\/h3>\n<p>Bande annonce du documentaire catalan sur l&rsquo;autisme et la psychanalyse\u00a0\u00bb<\/p>\n<p style=\"text-align: center;\"><a href=\"http:\/\/www.lacanquotidien.fr\/blog\/wp-content\/uploads\/2012\/02\/TEADir.jpg\"><img loading=\"lazy\" decoding=\"async\" class=\"aligncenter size-medium wp-image-8566\" title=\"TEADir\" src=\"http:\/\/www.lacanquotidien.fr\/blog\/wp-content\/uploads\/2012\/02\/TEADir-300x92.jpg\" alt=\"\" width=\"300\" height=\"92\" \/><\/a><\/p>\n<h3 style=\"text-align: center;\"><span style=\"color: #ff0000;\">Autisme : Les amalgames d\u2019\u00c9lisabeth Roudinesco<\/span><\/h3>\n<h3 style=\"text-align: center;\"><span style=\"color: #0000ff;\">par Eric Laurent<\/span><\/h3>\n<p style=\"text-align: center;\">\u25aa EZER KE NEGDO &#8211; \u05e2\u05d6\u05e8 \u05db\u05e0\u05d2\u05d3\u05d5 &#8211; AIDE-CONTRE \u25aa<\/p>\n<p><span style=\"color: #ff0000;\">L\u2019affaire Yair Lapid \u00e0 l\u2019Universit\u00e9 de Bar Ilan : une r\u00e9flexion autour de\u00a0 l\u2019ex-sistence des sections cliniques dans le monde.<\/span> <span style=\"color: #0000ff;\">Par Marco Mauas.<\/span><\/p>\n<p style=\"text-align: center;\">\u25aa ALLONS-Y ! \u25aa<br \/>\n<span style=\"color: #ff0000;\">Finnegans Wake\u00a0 \u00e0 la Cartoucherie<\/span><br \/>\n<span style=\"color: #0000ff;\">Susanne Hommel<\/span><\/p>\n<p style=\"text-align: center;\">\u25aa Les Tweets de G\u00e9rard Miller \u25aa<\/p>\n<p>&nbsp;<\/p>\n<p style=\"text-align: center;\"><a href=\"http:\/\/www.lacanquotidien.fr\/blog\/wp-content\/uploads\/2012\/02\/LQ-1542.pdf\">LQ 154<\/a>\u2190Pour consulter le num\u00e9ro (1\u00e8re \u00e9dition de 18h10), veuillez cliquer sur ce lien<\/p>\n","protected":false},"excerpt":{"rendered":"<p><a href=\"http:\/\/www.lacanquotidien.fr\/blog\/wp-content\/uploads\/2012\/02\/LQ-154-2e-\u00e9dition1.pdf\">LQ 154 2e \u00e9dition<\/a>\u2190Pour consulter le num\u00e9ro (\u00e9dition de 19h20), veuillez cliquer sur ce lien<\/p>\n","protected":false},"author":9,"featured_media":8579,"comment_status":"closed","ping_status":"closed","sticky":false,"template":"","format":"standard","meta":{"_monsterinsights_skip_tracking":false,"_monsterinsights_sitenote_active":false,"_monsterinsights_sitenote_note":"","_monsterinsights_sitenote_category":0,"footnotes":""},"categories":[14,27],"tags":[1738,412,1733,372,1732,1736,1737,53,1734,370,1731],"class_list":["post-8547","post","type-post","status-publish","format-standard","has-post-thumbnail","hentry","category-debatsdesautistes","category-lq-lacanquotidien","tag-anesm","tag-autisme","tag-documentaire","tag-elisabeth-roudinesco","tag-finnengans-wake-antoine-coubet","tag-has","tag-haute-autorite-de-sante","tag-liberation","tag-otras-voces","tag-psychanalyse","tag-yair-lapid"],"_links":{"self":[{"href":"https:\/\/lacanquotidien.fr\/blog\/wp-json\/wp\/v2\/posts\/8547","targetHints":{"allow":["GET"]}}],"collection":[{"href":"https:\/\/lacanquotidien.fr\/blog\/wp-json\/wp\/v2\/posts"}],"about":[{"href":"https:\/\/lacanquotidien.fr\/blog\/wp-json\/wp\/v2\/types\/post"}],"author":[{"embeddable":true,"href":"https:\/\/lacanquotidien.fr\/blog\/wp-json\/wp\/v2\/users\/9"}],"replies":[{"embeddable":true,"href":"https:\/\/lacanquotidien.fr\/blog\/wp-json\/wp\/v2\/comments?post=8547"}],"version-history":[{"count":20,"href":"https:\/\/lacanquotidien.fr\/blog\/wp-json\/wp\/v2\/posts\/8547\/revisions"}],"predecessor-version":[{"id":10742,"href":"https:\/\/lacanquotidien.fr\/blog\/wp-json\/wp\/v2\/posts\/8547\/revisions\/10742"}],"wp:featuredmedia":[{"embeddable":true,"href":"https:\/\/lacanquotidien.fr\/blog\/wp-json\/wp\/v2\/media\/8579"}],"wp:attachment":[{"href":"https:\/\/lacanquotidien.fr\/blog\/wp-json\/wp\/v2\/media?parent=8547"}],"wp:term":[{"taxonomy":"category","embeddable":true,"href":"https:\/\/lacanquotidien.fr\/blog\/wp-json\/wp\/v2\/categories?post=8547"},{"taxonomy":"post_tag","embeddable":true,"href":"https:\/\/lacanquotidien.fr\/blog\/wp-json\/wp\/v2\/tags?post=8547"}],"curies":[{"name":"wp","href":"https:\/\/api.w.org\/{rel}","templated":true}]}}