{"id":856,"date":"2011-09-21T19:29:25","date_gmt":"2011-09-21T17:29:25","guid":{"rendered":"http:\/\/www.lacanquotidien.fr\/blogx16y\/2011\/09\/communique-de-jacques-alain-miller-a-19h-15-mercredi-21-septembre\/"},"modified":"2011-09-22T21:48:30","modified_gmt":"2011-09-22T19:48:30","slug":"communique-de-jacques-alain-miller-a-19h-15-mercredi-21-septembre","status":"publish","type":"post","link":"https:\/\/lacanquotidien.fr\/blog\/2011\/09\/communique-de-jacques-alain-miller-a-19h-15-mercredi-21-septembre\/","title":{"rendered":"COMMUNIQU\u00c9 de Jacques-Alain Miller : Nouveaux signataires de l&rsquo;appel \u00ab\u00a0Lib\u00e9rez RAFAH ! Du Raffut pour Rafah !\u00a0\u00bb \u00e0 19h 15 &#8211; Mercredi 21 septembre"},"content":{"rendered":"<h2 style=\"text-align: center;\"><span style=\"color: #ff0000;\"><!--more-->Communiqu\u00e9 de Jacques-Alain Miller \u00e0 19h 15<\/span><\/h2>\n<p style=\"text-align: justify;\"><strong>Je suis heureux de vous informer que Daniel Cohn-Bendit, signifiant vivant, et bien vivant, et bon vivant, de ma g\u00e9n\u00e9ration &#8211; celle des soixante-huitards qui ne d\u00e9crochent pas &#8211; signe l\u2019appel pour RAFAH (communiqu\u00e9 par Aur\u00e9lie Brochard, Assistante \u00e0 la Pr\u00e9sidence du Groupe des Verts\/ALE au Parlement europ\u00e9en).<\/strong><\/p>\n<p style=\"text-align: justify;\"><strong>D\u2019Argentine, Mauricio Tarrab, pr\u00e9sident de l\u2019EOL, me fait savoir que signe Jos\u00e9 \u201cPepe\u201d Nun, longtemps secr\u00e9taire d\u2019Etat \u00e0 la Culture, (jusqu\u2019\u00e0 2010).<\/strong><\/p>\n<p style=\"text-align: justify;\"><strong>Du Chili, Raquel Cors Ulloa me transmet la signature d\u2019Ana Maria Parada de Frei, personnalit\u00e9 tr\u00e8s respect\u00e9e, dont la famille compte deux Pr\u00e9sidents de la R\u00e9publique (d\u00e9mocrates-chr\u00e9tiens, si je ne me trompe).<\/strong><\/p>\n<p>&nbsp;<\/p>\n","protected":false},"excerpt":{"rendered":"","protected":false},"author":4,"featured_media":861,"comment_status":"closed","ping_status":"closed","sticky":false,"template":"","format":"standard","meta":{"_monsterinsights_skip_tracking":false,"_monsterinsights_sitenote_active":false,"_monsterinsights_sitenote_note":"","_monsterinsights_sitenote_category":0,"footnotes":""},"categories":[114],"tags":[158,156,157,34],"class_list":["post-856","post","type-post","status-publish","format-standard","has-post-thumbnail","hentry","category-communiques","tag-ana-maria-parada-de-frei","tag-daniel-cohn-bendit","tag-jose-pepe-nun","tag-rafah-nached"],"_links":{"self":[{"href":"https:\/\/lacanquotidien.fr\/blog\/wp-json\/wp\/v2\/posts\/856","targetHints":{"allow":["GET"]}}],"collection":[{"href":"https:\/\/lacanquotidien.fr\/blog\/wp-json\/wp\/v2\/posts"}],"about":[{"href":"https:\/\/lacanquotidien.fr\/blog\/wp-json\/wp\/v2\/types\/post"}],"author":[{"embeddable":true,"href":"https:\/\/lacanquotidien.fr\/blog\/wp-json\/wp\/v2\/users\/4"}],"replies":[{"embeddable":true,"href":"https:\/\/lacanquotidien.fr\/blog\/wp-json\/wp\/v2\/comments?post=856"}],"version-history":[{"count":4,"href":"https:\/\/lacanquotidien.fr\/blog\/wp-json\/wp\/v2\/posts\/856\/revisions"}],"predecessor-version":[{"id":860,"href":"https:\/\/lacanquotidien.fr\/blog\/wp-json\/wp\/v2\/posts\/856\/revisions\/860"}],"wp:featuredmedia":[{"embeddable":true,"href":"https:\/\/lacanquotidien.fr\/blog\/wp-json\/wp\/v2\/media\/861"}],"wp:attachment":[{"href":"https:\/\/lacanquotidien.fr\/blog\/wp-json\/wp\/v2\/media?parent=856"}],"wp:term":[{"taxonomy":"category","embeddable":true,"href":"https:\/\/lacanquotidien.fr\/blog\/wp-json\/wp\/v2\/categories?post=856"},{"taxonomy":"post_tag","embeddable":true,"href":"https:\/\/lacanquotidien.fr\/blog\/wp-json\/wp\/v2\/tags?post=856"}],"curies":[{"name":"wp","href":"https:\/\/api.w.org\/{rel}","templated":true}]}}