{"id":8896,"date":"2012-02-21T07:27:13","date_gmt":"2012-02-21T06:27:13","guid":{"rendered":"http:\/\/www.lacanquotidien.fr\/blog\/?p=8896"},"modified":"2012-05-13T13:37:57","modified_gmt":"2012-05-13T11:37:57","slug":"lacan-quotidien-n160-souffrances-denfant-par-agnes-aflalo","status":"publish","type":"post","link":"https:\/\/lacanquotidien.fr\/blog\/2012\/02\/lacan-quotidien-n160-souffrances-denfant-par-agnes-aflalo\/","title":{"rendered":"Lacan Quotidien n\u00b0160 &#8211; Souffrances d&rsquo;enfant par Agn\u00e8s Aflalo"},"content":{"rendered":"<p><a href=\"http:\/\/www.lacanquotidien.fr\/blog\/wp-content\/uploads\/2012\/02\/LQ-160-BAT.pdf\">LQ 160<\/a>\u2190Pour consulter le num\u00e9ro, veuillez cliquer sur ce lien<!--more--><\/p>\n<p align=\"center\"><span style=\"color: #0000ff;\"><strong>P\u00c9TITION INTERNATIONALE<\/strong><\/span><\/p>\n<p align=\"center\"><span style=\"color: #0000ff;\"><strong>POUR L\u2019ABORD CLINIQUE DE L\u2019AUTISME<\/strong><\/span><strong><\/strong><\/p>\n<p align=\"center\"><strong><em>\u00e0 l\u2019initiative de l\u2019Institut psychanalytique de l\u2019Enfant<\/em><\/strong><\/p>\n<p align=\"center\"><strong><em>(Universit\u00e9 populaire Jacques-Lacan)<\/em><\/strong><\/p>\n<p align=\"center\"><strong><em>\u00a0<\/em><\/strong><\/p>\n<p align=\"center\"><strong><a href=\"..\/petition\/\">SIGNER LA P\u00c9TITION EN LIGNE<\/a><\/strong><\/p>\n<p align=\"center\"><strong>SUR LE SITE <\/strong><strong>lacanquotidien.fr<\/strong><\/p>\n<p align=\"center\"><strong>\u00a0<\/strong><\/p>\n<p align=\"center\"><strong>&gt;&gt;Depuis le \u00a016 f\u00e9vrier, <\/strong><\/p>\n<p align=\"center\"><strong>jour de la mise en ligne de la p\u00e9tition,<\/strong><\/p>\n<p align=\"center\"><span style=\"color: #ff0000;\"><strong>\u00a0<\/strong><strong>5066<\/strong><\/span><strong> signatures <\/strong><\/p>\n<p align=\"center\"><strong>ont \u00e9t\u00e9 d\u00e9j\u00e0 recueillies.<\/strong><\/p>\n<p><strong>\u00a0<\/strong><\/p>\n<p align=\"center\"><strong><a href=\"..\/wp-content\/uploads\/2012\/02\/LE-TEXTE-DE-LA-P%C3%89TITION-INTERNATIONALE-POUR-LABORD-CLINIQUE-DE-LAUTISME1.pdf\">LE TEXTE DE LA P\u00c9TITION INTERNATIONALE POUR L\u2019ABORD CLINIQUE DE L\u2019AUTISME<\/a><\/strong><\/p>\n<p align=\"center\"><span style=\"color: #ff0000;\"><strong>Souffrances d\u2019enfant<\/strong><\/span><\/p>\n<p align=\"center\">par Agn\u00e8s Aflalo<\/p>\n<p align=\"center\"><span style=\"color: #ff0000;\"><strong>ILS SOUTIENNENT LA P<\/strong><strong>\u00c9<\/strong><strong>TITION\u00a0 <\/strong><\/span><\/p>\n<p align=\"center\"><strong>***<\/strong><\/p>\n","protected":false},"excerpt":{"rendered":"<p><a href=\"http:\/\/www.lacanquotidien.fr\/blog\/wp-content\/uploads\/2012\/02\/LQ-160-BAT.pdf\">LQ 160<\/a>\u2190Pour consulter le num\u00e9ro, veuillez cliquer sur ce lien<\/p>\n","protected":false},"author":9,"featured_media":8898,"comment_status":"closed","ping_status":"closed","sticky":false,"template":"","format":"standard","meta":{"_monsterinsights_skip_tracking":false,"_monsterinsights_sitenote_active":false,"_monsterinsights_sitenote_note":"","_monsterinsights_sitenote_category":0,"footnotes":""},"categories":[14,27],"tags":[412,1050,1280],"class_list":["post-8896","post","type-post","status-publish","format-standard","has-post-thumbnail","hentry","category-debatsdesautistes","category-lq-lacanquotidien","tag-autisme","tag-clinique-psychanalytique","tag-psychiatre"],"_links":{"self":[{"href":"https:\/\/lacanquotidien.fr\/blog\/wp-json\/wp\/v2\/posts\/8896","targetHints":{"allow":["GET"]}}],"collection":[{"href":"https:\/\/lacanquotidien.fr\/blog\/wp-json\/wp\/v2\/posts"}],"about":[{"href":"https:\/\/lacanquotidien.fr\/blog\/wp-json\/wp\/v2\/types\/post"}],"author":[{"embeddable":true,"href":"https:\/\/lacanquotidien.fr\/blog\/wp-json\/wp\/v2\/users\/9"}],"replies":[{"embeddable":true,"href":"https:\/\/lacanquotidien.fr\/blog\/wp-json\/wp\/v2\/comments?post=8896"}],"version-history":[{"count":6,"href":"https:\/\/lacanquotidien.fr\/blog\/wp-json\/wp\/v2\/posts\/8896\/revisions"}],"predecessor-version":[{"id":10740,"href":"https:\/\/lacanquotidien.fr\/blog\/wp-json\/wp\/v2\/posts\/8896\/revisions\/10740"}],"wp:featuredmedia":[{"embeddable":true,"href":"https:\/\/lacanquotidien.fr\/blog\/wp-json\/wp\/v2\/media\/8898"}],"wp:attachment":[{"href":"https:\/\/lacanquotidien.fr\/blog\/wp-json\/wp\/v2\/media?parent=8896"}],"wp:term":[{"taxonomy":"category","embeddable":true,"href":"https:\/\/lacanquotidien.fr\/blog\/wp-json\/wp\/v2\/categories?post=8896"},{"taxonomy":"post_tag","embeddable":true,"href":"https:\/\/lacanquotidien.fr\/blog\/wp-json\/wp\/v2\/tags?post=8896"}],"curies":[{"name":"wp","href":"https:\/\/api.w.org\/{rel}","templated":true}]}}