{"id":8921,"date":"2012-02-22T07:45:27","date_gmt":"2012-02-22T06:45:27","guid":{"rendered":"http:\/\/www.lacanquotidien.fr\/blog\/?p=8921"},"modified":"2012-04-23T22:14:10","modified_gmt":"2012-04-23T20:14:10","slug":"%e2%96%aa-institut-psychanalytique-de-lenfant-%e2%96%aa-la-machine-a-leo-par-stephane-vallade","status":"publish","type":"post","link":"https:\/\/lacanquotidien.fr\/blog\/2012\/02\/%e2%96%aa-institut-psychanalytique-de-lenfant-%e2%96%aa-la-machine-a-leo-par-stephane-vallade\/","title":{"rendered":"Lacan Quotidien n\u00b0161 \u25aa Institut Psychanalytique de l\u2019Enfant \u25aa  La machine \u00e0 L\u00e9o  par St\u00e9phane Vallade"},"content":{"rendered":"<p style=\"text-align: center;\" align=\"center\"><a href=\"http:\/\/www.lacanquotidien.fr\/blog\/wp-content\/uploads\/2012\/02\/LQ-161.pdf\">LQ 161<\/a>\u2190Pour consulter le num\u00e9ro, veuillez cliquer sur ce lien<!--more--><\/p>\n<p style=\"text-align: center;\" align=\"center\"><span style=\"color: #ff0000;\"><strong>P\u00c9TITION INTERNATIONALE<\/strong><\/span><\/p>\n<p style=\"text-align: center;\" align=\"center\"><span style=\"color: #ff0000;\"><strong>POUR L\u2019ABORD CLINIQUE DE L\u2019AUTISME<\/strong><\/span><strong><\/strong><\/p>\n<p style=\"text-align: center;\" align=\"center\"><strong><em>\u00e0 l\u2019initiative de l\u2019Institut psychanalytique de l\u2019Enfant<\/em><\/strong><\/p>\n<p style=\"text-align: center;\" align=\"center\"><strong><em>(Universit\u00e9 populaire Jacques-Lacan)<\/em><\/strong><\/p>\n<p style=\"text-align: center;\" align=\"center\"><strong><em>\u00a0<\/em><\/strong><\/p>\n<p style=\"text-align: center;\" align=\"center\"><strong><a href=\"..\/petition\/\">SIGNER LA P\u00c9TITION EN LIGNE<\/a><\/strong><\/p>\n<p style=\"text-align: center;\" align=\"center\"><strong>SUR LE SITE <\/strong><strong>lacanquotidien.fr<\/strong><\/p>\n<p style=\"text-align: center;\" align=\"center\"><strong>\u00a0<\/strong><\/p>\n<p style=\"text-align: center;\" align=\"center\"><span style=\"color: #0000ff;\"><strong>&gt;&gt;Depuis le \u00a016 f\u00e9vrier, <\/strong><\/span><\/p>\n<p style=\"text-align: center;\" align=\"center\"><span style=\"color: #0000ff;\"><strong>jour de la mise en ligne de la p\u00e9tition,<\/strong><\/span><\/p>\n<p style=\"text-align: center;\" align=\"center\"><span style=\"color: #0000ff;\"><span style=\"color: #ff0000;\"><strong>\u00a05780<\/strong><\/span><strong> signatures <\/strong><\/span><\/p>\n<p style=\"text-align: center;\" align=\"center\"><span style=\"color: #0000ff;\"><strong>ont \u00e9t\u00e9 d\u00e9j\u00e0 recueillies.<\/strong><\/span><\/p>\n<p style=\"text-align: center;\" align=\"center\"><strong><a href=\"..\/wp-content\/uploads\/2012\/02\/LE-TEXTE-DE-LA-P%C3%89TITION-INTERNATIONALE-POUR-LABORD-CLINIQUE-DE-LAUTISME1.pdf\">LE TEXTE DE LA P\u00c9TITION INTERNATIONALE POUR L\u2019ABORD CLINIQUE DE L\u2019AUTISME<\/a><\/strong><\/p>\n<p style=\"text-align: center;\" align=\"center\"><strong>\u25aa Institut Psychanalytique de l\u2019Enfant \u25aa<\/strong><strong><\/strong><\/p>\n<p style=\"text-align: center;\"><span style=\"color: #ff0000;\"><strong>La machine \u00e0 L\u00e9o<\/strong><\/span><\/p>\n<p style=\"text-align: center;\"><strong><em><span style=\"color: #0000ff;\">par St\u00e9phane Vallade<\/span>, <\/em><em>\u00e9ducateur intervenant en IME<\/em><em>.<\/em><\/strong><\/p>\n<p style=\"text-align: center;\"><a href=\"http:\/\/www.causefreudienne.net\/index.php\/connexions\/institut-de-l-enfant\">&gt;&gt; Retrouver l\u2019Institut Psychanalytique de l\u2019Enfant en suivant ce lien<\/a>.<strong><br clear=\"all\" \/> <\/strong><\/p>\n<p style=\"text-align: center;\" align=\"center\"><span style=\"color: #ff0000;\"><strong>ILS SOUTIENNENT LA P<\/strong><strong>\u00c9<\/strong><strong>TITION\u00a0 <\/strong><\/span><\/p>\n<p style=\"text-align: center;\" align=\"center\"><strong>***<\/strong><\/p>\n<p style=\"text-align: center;\"><span style=\"color: #0000ff;\"><strong>Liste des institutions signataires (suite)<br \/>\n<\/strong><\/span><\/p>\n<p style=\"text-align: center;\"><strong><span style=\"color: #0000ff;\">Liste des directeurs d\u2019\u00e9tablissement<\/span><\/strong><\/p>\n<p style=\"text-align: center;\"><strong>Photographie :<\/strong><\/p>\n<p style=\"text-align: center;\"><strong>Frederick Kiesler. <\/strong><\/p>\n<p style=\"text-align: center;\"><strong>\u00a0Endless House Project, Study for lighting.<br \/>\n<\/strong><\/p>\n","protected":false},"excerpt":{"rendered":"<p style=\"text-align: center;\" align=\"center\"><a href=\"http:\/\/www.lacanquotidien.fr\/blog\/wp-content\/uploads\/2012\/02\/LQ-161.pdf\">LQ 161<\/a>\u2190Pour consulter le num\u00e9ro, veuillez cliquer sur ce lien<\/p>\n","protected":false},"author":9,"featured_media":8927,"comment_status":"closed","ping_status":"closed","sticky":false,"template":"","format":"standard","meta":{"_monsterinsights_skip_tracking":false,"_monsterinsights_sitenote_active":false,"_monsterinsights_sitenote_note":"","_monsterinsights_sitenote_category":0,"footnotes":""},"categories":[14,27],"tags":[412,700,1806,1807,1808,35,370],"class_list":["post-8921","post","type-post","status-publish","format-standard","has-post-thumbnail","hentry","category-debatsdesautistes","category-lq-lacanquotidien","tag-autisme","tag-clinique-2","tag-educateur","tag-ime","tag-machine","tag-petition","tag-psychanalyse"],"_links":{"self":[{"href":"https:\/\/lacanquotidien.fr\/blog\/wp-json\/wp\/v2\/posts\/8921","targetHints":{"allow":["GET"]}}],"collection":[{"href":"https:\/\/lacanquotidien.fr\/blog\/wp-json\/wp\/v2\/posts"}],"about":[{"href":"https:\/\/lacanquotidien.fr\/blog\/wp-json\/wp\/v2\/types\/post"}],"author":[{"embeddable":true,"href":"https:\/\/lacanquotidien.fr\/blog\/wp-json\/wp\/v2\/users\/9"}],"replies":[{"embeddable":true,"href":"https:\/\/lacanquotidien.fr\/blog\/wp-json\/wp\/v2\/comments?post=8921"}],"version-history":[{"count":7,"href":"https:\/\/lacanquotidien.fr\/blog\/wp-json\/wp\/v2\/posts\/8921\/revisions"}],"predecessor-version":[{"id":10352,"href":"https:\/\/lacanquotidien.fr\/blog\/wp-json\/wp\/v2\/posts\/8921\/revisions\/10352"}],"wp:featuredmedia":[{"embeddable":true,"href":"https:\/\/lacanquotidien.fr\/blog\/wp-json\/wp\/v2\/media\/8927"}],"wp:attachment":[{"href":"https:\/\/lacanquotidien.fr\/blog\/wp-json\/wp\/v2\/media?parent=8921"}],"wp:term":[{"taxonomy":"category","embeddable":true,"href":"https:\/\/lacanquotidien.fr\/blog\/wp-json\/wp\/v2\/categories?post=8921"},{"taxonomy":"post_tag","embeddable":true,"href":"https:\/\/lacanquotidien.fr\/blog\/wp-json\/wp\/v2\/tags?post=8921"}],"curies":[{"name":"wp","href":"https:\/\/api.w.org\/{rel}","templated":true}]}}