{"id":9157,"date":"2012-03-01T19:08:16","date_gmt":"2012-03-01T18:08:16","guid":{"rendered":"http:\/\/www.lacanquotidien.fr\/blog\/?p=9157"},"modified":"2012-04-23T22:04:59","modified_gmt":"2012-04-23T20:04:59","slug":"lacan-quotidien-n168-%e2%96%aa-lautisme-premiers-traitements-%e2%96%aa-par-maryse-roy","status":"publish","type":"post","link":"https:\/\/lacanquotidien.fr\/blog\/2012\/03\/lacan-quotidien-n168-%e2%96%aa-lautisme-premiers-traitements-%e2%96%aa-par-maryse-roy\/","title":{"rendered":"Lacan Quotidien n\u00b0168 &#8211; \u25aa L\u2019autisme : premiers traitements \u25aa  Par Maryse Roy"},"content":{"rendered":"<p><a href=\"http:\/\/www.lacanquotidien.fr\/blog\/wp-content\/uploads\/2012\/03\/LQ-168.pdf\">LQ 168<\/a>\u2190Pour consulter le num\u00e9ro, veuillez cliquer sur ce lien<!--more--><\/p>\n<div>\n<p align=\"center\"><span style=\"color: #ff0000;\"><strong>P\u00c9TITION INTERNATIONALE<\/strong><\/span><\/p>\n<p align=\"center\"><span style=\"color: #ff0000;\"><strong>POUR L\u2019ABORD CLINIQUE DE L\u2019AUTISME<\/strong><\/span><strong><\/strong><\/p>\n<p align=\"center\"><span style=\"color: #0000ff;\"><strong><em>\u00e0 l\u2019initiative de l\u2019Institut psychanalytique de l\u2019Enfant<\/em><\/strong><\/span><\/p>\n<p align=\"center\"><strong><em>(Universit\u00e9 populaire Jacques-Lacan)<\/em><\/strong><\/p>\n<p align=\"center\"><strong><a href=\"..\/petition\/\">SIGNER LA P\u00c9TITION EN LIGNE<\/a><\/strong><\/p>\n<p align=\"center\"><strong>SUR LE SITE <\/strong><strong>lacanquotidien.fr<\/strong><\/p>\n<p align=\"center\"><strong>&gt;&gt;Depuis le \u00a0<span style=\"color: #0000ff;\">16 f\u00e9vrier<\/span>, <\/strong><\/p>\n<p align=\"center\"><strong>jour de la mise en ligne de la p\u00e9tition,<\/strong><\/p>\n<p align=\"center\"><strong>\u00a0<\/strong><span style=\"color: #ff0000;\"><strong>8388<\/strong><\/span><strong> signatures <\/strong><\/p>\n<p align=\"center\"><strong>ont \u00e9t\u00e9 d\u00e9j\u00e0 recueillies.<\/strong><\/p>\n<p align=\"center\"><strong><a href=\"..\/wp-content\/uploads\/2012\/02\/LE-TEXTE-DE-LA-P%C3%89TITION-INTERNATIONALE-POUR-LABORD-CLINIQUE-DE-LAUTISME1.pdf\">LE TEXTE DE LA P\u00c9TITION INTERNATIONALE POUR L\u2019ABORD CLINIQUE DE L\u2019AUTISME<\/a><\/strong><\/p>\n<div align=\"center\">\n<hr align=\"center\" noshade=\"noshade\" size=\"2\" width=\"90%\" \/>\n<\/div>\n<p align=\"center\"><span style=\"color: #ff0000;\"><strong>\u25aa L\u2019autisme\u00a0: premiers traitements \u25aa<\/strong><\/span><\/p>\n<p style=\"text-align: center;\"><span style=\"color: #0000ff;\"><strong>Par<\/strong><strong> Maryse Roy<\/strong><\/span><strong><br \/>\n<\/strong><\/p>\n<\/div>\n<p>&nbsp;<\/p>\n<div align=\"center\">\n<hr align=\"center\" noshade=\"noshade\" size=\"2\" width=\"80%\" \/>\n<\/div>\n<p>&nbsp;<\/p>\n<p align=\"center\"><span style=\"color: #ff0000;\"><strong>ILS SOUTIENNENT LA P<\/strong><strong>\u00c9<\/strong><strong>TITION\u00a0 <\/strong><\/span><\/p>\n<p align=\"center\"><strong>***<\/strong><\/p>\n","protected":false},"excerpt":{"rendered":"<p><a href=\"http:\/\/www.lacanquotidien.fr\/blog\/wp-content\/uploads\/2012\/03\/LQ-168.pdf\">LQ 168<\/a>\u2190Pour consulter le num\u00e9ro, veuillez cliquer sur ce lien<\/p>\n","protected":false},"author":9,"featured_media":9254,"comment_status":"closed","ping_status":"closed","sticky":false,"template":"","format":"standard","meta":{"_monsterinsights_skip_tracking":false,"_monsterinsights_sitenote_active":false,"_monsterinsights_sitenote_note":"","_monsterinsights_sitenote_category":0,"footnotes":""},"categories":[14,27],"tags":[412,1889,700,1747,1518,1559,1891,1280,219,1162,1267,1888,1890],"class_list":["post-9157","post","type-post","status-publish","format-standard","has-post-thumbnail","hentry","category-debatsdesautistes","category-lq-lacanquotidien","tag-autisme","tag-battement","tag-clinique-2","tag-grande-cause-nationale","tag-hopital-de-jour","tag-invention","tag-maryse-roy","tag-psychiatre","tag-reel","tag-signifiant","tag-sujet","tag-trait","tag-traitement"],"_links":{"self":[{"href":"https:\/\/lacanquotidien.fr\/blog\/wp-json\/wp\/v2\/posts\/9157","targetHints":{"allow":["GET"]}}],"collection":[{"href":"https:\/\/lacanquotidien.fr\/blog\/wp-json\/wp\/v2\/posts"}],"about":[{"href":"https:\/\/lacanquotidien.fr\/blog\/wp-json\/wp\/v2\/types\/post"}],"author":[{"embeddable":true,"href":"https:\/\/lacanquotidien.fr\/blog\/wp-json\/wp\/v2\/users\/9"}],"replies":[{"embeddable":true,"href":"https:\/\/lacanquotidien.fr\/blog\/wp-json\/wp\/v2\/comments?post=9157"}],"version-history":[{"count":8,"href":"https:\/\/lacanquotidien.fr\/blog\/wp-json\/wp\/v2\/posts\/9157\/revisions"}],"predecessor-version":[{"id":10342,"href":"https:\/\/lacanquotidien.fr\/blog\/wp-json\/wp\/v2\/posts\/9157\/revisions\/10342"}],"wp:featuredmedia":[{"embeddable":true,"href":"https:\/\/lacanquotidien.fr\/blog\/wp-json\/wp\/v2\/media\/9254"}],"wp:attachment":[{"href":"https:\/\/lacanquotidien.fr\/blog\/wp-json\/wp\/v2\/media?parent=9157"}],"wp:term":[{"taxonomy":"category","embeddable":true,"href":"https:\/\/lacanquotidien.fr\/blog\/wp-json\/wp\/v2\/categories?post=9157"},{"taxonomy":"post_tag","embeddable":true,"href":"https:\/\/lacanquotidien.fr\/blog\/wp-json\/wp\/v2\/tags?post=9157"}],"curies":[{"name":"wp","href":"https:\/\/api.w.org\/{rel}","templated":true}]}}