{"id":9212,"date":"2012-03-02T22:00:36","date_gmt":"2012-03-02T21:00:36","guid":{"rendered":"http:\/\/www.lacanquotidien.fr\/blog\/?p=9212"},"modified":"2012-03-05T23:12:31","modified_gmt":"2012-03-05T22:12:31","slug":"lacan-quotidien-n169-sortir-de-limpasse-par-mariana-alba-de-luna","status":"publish","type":"post","link":"https:\/\/lacanquotidien.fr\/blog\/2012\/03\/lacan-quotidien-n169-sortir-de-limpasse-par-mariana-alba-de-luna\/","title":{"rendered":"Lacan Quotidien n\u00b0169 &#8211; [Sortir de l\u2019impasse, par Mariana Alba de Luna"},"content":{"rendered":"<p><a href=\"http:\/\/www.lacanquotidien.fr\/blog\/wp-content\/uploads\/2012\/03\/LQ-1692.pdf\">LQ 169<\/a>\u2190Pour consulter le num\u00e9ro, veuillez cliquer sur ce lien<!--more--><\/p>\n<p align=\"center\"><span style=\"color: #ff0000;\"><strong>P\u00c9TITION INTERNATIONALE<\/strong><\/span><\/p>\n<p align=\"center\"><span style=\"color: #ff0000;\"><strong>POUR L\u2019ABORD CLINIQUE DE L\u2019AUTISME<\/strong><\/span><strong><\/strong><\/p>\n<p align=\"center\"><strong><em>\u00e0 l\u2019initiative de l\u2019Institut psychanalytique de l\u2019Enfant<\/em><\/strong><\/p>\n<p align=\"center\"><strong><em>(Universit\u00e9 populaire Jacques-Lacan)<\/em><\/strong><\/p>\n<p align=\"center\"><strong><a href=\"..\/petition\/\">SIGNER LA P\u00c9TITION EN LIGNE<\/a><\/strong><\/p>\n<p align=\"center\"><strong>SUR LE SITE <\/strong><strong>lacanquotidien.fr<\/strong><\/p>\n<p align=\"center\"><strong>&gt;&gt;Depuis le \u00a0<span style=\"color: #0000ff;\">16 f\u00e9vrier<\/span>, <\/strong><\/p>\n<p align=\"center\"><strong>jour de la mise en ligne de la p\u00e9tition,<\/strong><\/p>\n<p align=\"center\"><span style=\"color: #ff0000;\"><strong>\u00a0<\/strong><strong>8538<\/strong><\/span><strong> signatures <\/strong><\/p>\n<p align=\"center\"><strong>ont \u00e9t\u00e9 d\u00e9j\u00e0 recueillies.<\/strong><\/p>\n<p align=\"center\"><span style=\"color: #ff0000;\">***<\/span><\/p>\n<p style=\"text-align: center;\"><strong><span style=\"color: #ff0000;\">[Sortir de l\u2019impasse<\/span><\/strong><\/p>\n<p style=\"text-align: center;\"><strong><span style=\"color: #0000ff;\">par Mariana Alba de Luna<\/span><\/strong><\/p>\n<p>&nbsp;<\/p>\n","protected":false},"excerpt":{"rendered":"<p><a href=\"http:\/\/www.lacanquotidien.fr\/blog\/wp-content\/uploads\/2012\/03\/LQ-1692.pdf\">LQ 169<\/a>\u2190Pour consulter le num\u00e9ro, veuillez cliquer sur ce lien<\/p>\n","protected":false},"author":9,"featured_media":9214,"comment_status":"closed","ping_status":"closed","sticky":false,"template":"","format":"standard","meta":{"_monsterinsights_skip_tracking":false,"_monsterinsights_sitenote_active":false,"_monsterinsights_sitenote_note":"","_monsterinsights_sitenote_category":0,"footnotes":""},"categories":[14,422,27],"tags":[412,1784,1902,1903,1898,1900,1897,1899,1896,1267,1901],"class_list":["post-9212","post","type-post","status-publish","format-standard","has-post-thumbnail","hentry","category-debatsdesautistes","category-dernierstextes","category-lq-lacanquotidien","tag-autisme","tag-autiste","tag-enigme","tag-formation-psychanalytique","tag-parents","tag-silence","tag-singularite","tag-soeur","tag-sortir-de-limpasse","tag-sujet","tag-victime"],"_links":{"self":[{"href":"https:\/\/lacanquotidien.fr\/blog\/wp-json\/wp\/v2\/posts\/9212","targetHints":{"allow":["GET"]}}],"collection":[{"href":"https:\/\/lacanquotidien.fr\/blog\/wp-json\/wp\/v2\/posts"}],"about":[{"href":"https:\/\/lacanquotidien.fr\/blog\/wp-json\/wp\/v2\/types\/post"}],"author":[{"embeddable":true,"href":"https:\/\/lacanquotidien.fr\/blog\/wp-json\/wp\/v2\/users\/9"}],"replies":[{"embeddable":true,"href":"https:\/\/lacanquotidien.fr\/blog\/wp-json\/wp\/v2\/comments?post=9212"}],"version-history":[{"count":6,"href":"https:\/\/lacanquotidien.fr\/blog\/wp-json\/wp\/v2\/posts\/9212\/revisions"}],"predecessor-version":[{"id":9216,"href":"https:\/\/lacanquotidien.fr\/blog\/wp-json\/wp\/v2\/posts\/9212\/revisions\/9216"}],"wp:featuredmedia":[{"embeddable":true,"href":"https:\/\/lacanquotidien.fr\/blog\/wp-json\/wp\/v2\/media\/9214"}],"wp:attachment":[{"href":"https:\/\/lacanquotidien.fr\/blog\/wp-json\/wp\/v2\/media?parent=9212"}],"wp:term":[{"taxonomy":"category","embeddable":true,"href":"https:\/\/lacanquotidien.fr\/blog\/wp-json\/wp\/v2\/categories?post=9212"},{"taxonomy":"post_tag","embeddable":true,"href":"https:\/\/lacanquotidien.fr\/blog\/wp-json\/wp\/v2\/tags?post=9212"}],"curies":[{"name":"wp","href":"https:\/\/api.w.org\/{rel}","templated":true}]}}