{"id":9315,"date":"2012-03-06T10:35:23","date_gmt":"2012-03-06T09:35:23","guid":{"rendered":"http:\/\/www.lacanquotidien.fr\/blog\/?p=9315"},"modified":"2012-03-06T11:02:26","modified_gmt":"2012-03-06T10:02:26","slug":"rai-3-intervista-ad-antonio-di-ciaccia-da-parte-della-giornalista-loredana-lipparini","status":"publish","type":"post","link":"https:\/\/lacanquotidien.fr\/blog\/2012\/03\/rai-3-intervista-ad-antonio-di-ciaccia-da-parte-della-giornalista-loredana-lipparini\/","title":{"rendered":"RAI 3 : Intervista ad Antonio Di Ciaccia da parte della giornalista Loredana Lipparini"},"content":{"rendered":"<p style=\"text-align: justify;\"><a href=\"http:\/\/www.lacanquotidien.fr\/blog\/wp-content\/uploads\/2012\/03\/Intervista-Antonio-Di-Ciaccia-e-Loredana-Lipperini-Programma-Fahrenheit-di-RAI-3-24.2.121.pdf\">Intervista Antonio Di Ciaccia e Loredana Lipperini Programma Fahrenheit di RAI 3 24.2.12<\/a> \u2190Per leggere l&rsquo;articolo, Cliccare qui.<\/p>\n<p style=\"text-align: justify;\"><span style=\"color: #0000ff;\"><strong>In seguito all\u2019articolo del 12 febbraio di Gilberto Corbellini sul <em>Sole 24 ore<\/em> \u201cL\u2019autismo dei lacaniani\u201d e alla pagina de <em>la Repubblica<\/em> del 22 febbraio a cura di Luciana Sica che riportava il Manifesto in difesa della psicoanalisi firmato da Stefano Bolognini, presidente IPA e SPI, Simona Argentieri, IPA, Luigi Zoja, junghiano, e Antonio Di Ciaccia, AMP, la radio ha effettuato il venerd\u00ec 24 febbraio un\u2019intervista ad Antonio Di Ciaccia e Gilberto Corbellini da parte della giornalista Loredana Lipparini nel programma <em>Fahrenheit<\/em> di RAI 3.<\/strong><\/span><\/p>\n<p style=\"text-align: justify;\"><span style=\"color: #ff0000;\"><strong>Intervista.<\/strong><\/span><\/p>\n<p style=\"text-align: justify;\"><strong>\u00a0<\/strong><\/p>\n<p style=\"text-align: justify;\"><span style=\"color: #0000ff;\"><strong>Loredana Lipperini<\/strong><\/span> &#8211; La questione della vitalit\u00e0 della psicoanalisi \u00e8 faccenda non nuova, anzi ricorre molto spesso, ma \u00e8 tornata nei giorni scorsi alla ribalta con un manifesto \u00a0firmato da psicoanalisti di Scuole diverse. Prima di arrivarci, per\u00f2, dobbiamo fare qualche passo indietro e raccontare quello che \u00e8 avvenuto a partire dal 12 febbraio scorso.<\/p>\n<p style=\"text-align: justify;\">Il 12 febbraio scorso sul <em>Domenicale<\/em> del <em>Sole 24 ore<\/em>, Gilberto Corbellini, professore straordinario di Storia della Medicina all\u2019Universit\u00e0 \u201cLa Sapienza\u201d di Roma, da la notizia della sentenza con cui il tribunale di Lille in Francia condanna Sophie Robert, regista di un documentario sull\u2019autismo che si chiama <em>Le Mur<\/em> a risarcire 56mila euro tre psicoanalisti intervistati nel filmato che viene messo al bando con questa sentenza su tutto il territorio francese.<\/p>\n<p style=\"text-align: justify;\">Di qui Gilberto Corbellini parte con una riflessione sulla influenza della psicoanalisi soprattutto nella cultura francese, influenza che definisce \u201cperniciosa\u201d.<\/p>\n<p style=\"text-align: justify;\">Ecco, qualche giorno dopo, su <em>la Repubblica<\/em>, quattro psicoanalisti di Scuole diverse firmano un manifesto, dove si risponde a quell\u2019intervento, si affrontano molte delle accuse trattate e si sottolinea \u201cOggi la psicoanalisi non \u00e8 alla vigilia della sua scomparsa, ma \u00e8 anzi decisamente viva\u201d.<\/p>\n<p style=\"text-align: justify;\">Quel manifesto \u00e8 firmato da Stefano Bolognini, da Simona Argentieri, da Luigi Zoja e da Antonio Di Ciaccia che \u00e8 allievo diretto di Lacan e curatore della sua opera in Italia e che \u00e8 anche al telefono con noi. Buon pomeriggio.<\/p>\n<p style=\"text-align: justify;\"><span style=\"color: #0000ff;\"><strong>Antonio Di Ciaccia<\/strong><\/span> &#8211; Buon pomeriggio.<\/p>\n<p style=\"text-align: justify;\"><span style=\"color: #0000ff;\"><strong>Loredana Lipperini<\/strong><\/span> &#8211; Antonio Di Ciaccia, stiamo aspettando che ci raggiunga Gilberto Corbellini che aveva dato la sua disponibilit\u00e0 per questa conversazione iniziale, ma cos\u00ec non \u00e8 e intanto io comincerei a chiederLe le motivazioni di quel manifesto \u00a0e anche una prima risposta alle accuse di perniciosa influenza, queste erano state le parole di, forse, un malinteso uso della psicoanalisi fatte da Corbellini?<\/p>\n<p style=\"text-align: justify;\"><span style=\"color: #0000ff;\"><strong>Antonio Di Ciaccia<\/strong><\/span><strong> <\/strong>&#8211;<strong> <\/strong>Dunque, intanto il testo di Corbellini da un lato attacca la psicoanalisi e soprattutto la psicoanalisi lacaniana\u2026<\/p>\n<p style=\"text-align: justify;\"><span style=\"color: #0000ff;\"><strong>Loredana Lipperini<\/strong><\/span> \u2013 Infatti.<\/p>\n<p style=\"text-align: justify;\"><span style=\"color: #0000ff;\"><strong>Antonio Di Ciaccia<\/strong><\/span> &#8211; \u2026 di cui io faccio parte come membro della Scuola di Lacan dal 76, e devo dire che per quanto riguarda la psicoanalisi siamo intervenuti in diversi analisti. Ricordo che Bolognini \u00e8 il presidente della SPI ma anche il presidente dell\u2019Internazionale freudiana, quindi la persona pi\u00f9 autorevole ora nel mondo psicoanalitico freudiano, e poi ci sono altri due colleghi, freudiano e junghiano, e l\u2019ho firmata anch\u2019io.<\/p>\n<p style=\"text-align: justify;\">Ora, da un punto di vista della psicoanalisi credo che effettivamente Bolognini dica una cosa molto giusta: la psicoanalisi \u00e8 viva e non \u00e8 proprio per niente in procinto di morire. Devo dire che, di fatto, al testo di Corbellini ho qualcosa da dire\u2026<\/p>\n<p style=\"text-align: justify;\"><span style=\"color: #0000ff;\"><strong>Loredana Lipperini<\/strong><\/span> &#8211; La dica, io in questo momento far\u00f2 la parte di Corbellini, nel senso che se non ci collegheremo con lui legger\u00f2 gli stralci di quell\u2019articolo. Noi abbiamo pensato questa discussione come un dialogo a due. Naturalmente, nel momento in cui una delle due parti si sottrae, sar\u00f2 io a fare le sue veci. Prego, intanto &#8211; dica subito quello che voleva dire, io poi cercher\u00f2 di sottoporre le tesi dell\u2019articolo<\/p>\n<p style=\"text-align: justify;\"><span style=\"color: #0000ff;\"><strong>Antonio Di Ciaccia<\/strong><\/span> &#8211; \u2026 e dunque io mi sono occupato di autismo fin dal 1974, posso dire che mi occupo di questo problema in modo continuativo.<\/p>\n<p style=\"text-align: justify;\">Nel 1974 \u00e8 stato inventato anche il sistema TEACCH &#8211; il metodo cognitivo comportamentale, che \u00e8 quello che viene ora richiesto dal Ministero, e che Corbellini insiste che debba essere il modo di funzionamento, il metodo di lavoro.<\/p>\n<p style=\"text-align: justify;\">Ora, la mia modalit\u00e0 di lavoro, che proviene strettamente dalla psicoanalisi, \u00e8 stata quella di utilizzare tutti i dati che la psicoanalisi ci permette di comprendere, non per fare la psicoanalisi ai bambini autistici, nemmeno di far la psicoanalisi ai genitori, ma per creare uno spazio di vita, all\u2019interno di una scuola o di una famiglia, dove possa circolare il desiderio. (&#8230;).<\/p>\n<p style=\"text-align: justify;\"><span style=\"color: #666699;\">Lire la suite de l&rsquo;article<\/span> : <a href=\"http:\/\/www.lacanquotidien.fr\/blog\/wp-content\/uploads\/2012\/03\/Intervista-Antonio-Di-Ciaccia-e-Loredana-Lipperini-Programma-Fahrenheit-di-RAI-3-24.2.12.pdf\">Intervista Antonio Di Ciaccia e Loredana Lipperini Programma Fahrenheit di RAI 3 24.2.12<\/a><\/p>\n","protected":false},"excerpt":{"rendered":"<p style=\"text-align: justify;\"><a href=\"http:\/\/www.lacanquotidien.fr\/blog\/wp-content\/uploads\/2012\/03\/Intervista-Antonio-Di-Ciaccia-e-Loredana-Lipperini-Programma-Fahrenheit-di-RAI-3-24.2.121.pdf\">Intervista Antonio Di Ciaccia e Loredana Lipperini Programma Fahrenheit di RAI 3 24.2.12<\/a> \u2190Per leggere l&rsquo;articolo, Cliccare qui.<\/p>\n<p style=\"text-align: justify;\">In seguito all\u2019articolo del 12 febbraio di Gilberto Corbellini sul Sole 24 ore \u201cL\u2019autismo dei lacaniani\u201d e alla pagina de la Repubblica del 22 febbraio a cura di Luciana Sica che riportava [&#8230;]<\/p>\n","protected":false},"author":9,"featured_media":9320,"comment_status":"closed","ping_status":"closed","sticky":false,"template":"","format":"standard","meta":{"_monsterinsights_skip_tracking":false,"_monsterinsights_sitenote_active":false,"_monsterinsights_sitenote_note":"","_monsterinsights_sitenote_category":0,"footnotes":""},"categories":[562],"tags":[139,1641,1918,1919,1917],"class_list":["post-9315","post","type-post","status-publish","format-standard","has-post-thumbnail","hentry","category-italiano","tag-antonio-di-ciaccia","tag-la-repubblica","tag-loredana-lipparini","tag-lautismo-dei-lacaniani","tag-rai-3"],"_links":{"self":[{"href":"https:\/\/lacanquotidien.fr\/blog\/wp-json\/wp\/v2\/posts\/9315","targetHints":{"allow":["GET"]}}],"collection":[{"href":"https:\/\/lacanquotidien.fr\/blog\/wp-json\/wp\/v2\/posts"}],"about":[{"href":"https:\/\/lacanquotidien.fr\/blog\/wp-json\/wp\/v2\/types\/post"}],"author":[{"embeddable":true,"href":"https:\/\/lacanquotidien.fr\/blog\/wp-json\/wp\/v2\/users\/9"}],"replies":[{"embeddable":true,"href":"https:\/\/lacanquotidien.fr\/blog\/wp-json\/wp\/v2\/comments?post=9315"}],"version-history":[{"count":4,"href":"https:\/\/lacanquotidien.fr\/blog\/wp-json\/wp\/v2\/posts\/9315\/revisions"}],"predecessor-version":[{"id":9322,"href":"https:\/\/lacanquotidien.fr\/blog\/wp-json\/wp\/v2\/posts\/9315\/revisions\/9322"}],"wp:featuredmedia":[{"embeddable":true,"href":"https:\/\/lacanquotidien.fr\/blog\/wp-json\/wp\/v2\/media\/9320"}],"wp:attachment":[{"href":"https:\/\/lacanquotidien.fr\/blog\/wp-json\/wp\/v2\/media?parent=9315"}],"wp:term":[{"taxonomy":"category","embeddable":true,"href":"https:\/\/lacanquotidien.fr\/blog\/wp-json\/wp\/v2\/categories?post=9315"},{"taxonomy":"post_tag","embeddable":true,"href":"https:\/\/lacanquotidien.fr\/blog\/wp-json\/wp\/v2\/tags?post=9315"}],"curies":[{"name":"wp","href":"https:\/\/api.w.org\/{rel}","templated":true}]}}