{"id":9935,"date":"2012-04-06T20:15:15","date_gmt":"2012-04-06T18:15:15","guid":{"rendered":"http:\/\/www.lacanquotidien.fr\/blog\/?p=9935"},"modified":"2012-04-06T20:17:26","modified_gmt":"2012-04-06T18:17:26","slug":"le-bulletin-uforca-pour-luniversite-populaire-jacques-lacan-numero-16","status":"publish","type":"post","link":"https:\/\/lacanquotidien.fr\/blog\/2012\/04\/le-bulletin-uforca-pour-luniversite-populaire-jacques-lacan-numero-16\/","title":{"rendered":"Le Bulletin Uforca pour l&rsquo;Universit\u00e9 Populaire Jacques Lacan num\u00e9ro 16"},"content":{"rendered":"<p>vient de para\u00eetre ! Pour le d\u00e9couvrir, <a title=\"cliquez-ici\" href=\"http:\/\/www.lacan-universite.fr\/wp-content\/uploads\/2012\/04\/uforca-16.html\" target=\"_blank\">cliquez ici<\/a>.<\/p>\n<p>\u2022 D\u00e9couvrir l\u2019\u00c9ditorial de Christiane Alberti, sous le titre \u00ab\u00a0Parole\u00a0\u00bb : <a href=\"http:\/\/www.lacanquotidien.fr\/blog\/wp-content\/uploads\/2012\/04\/EDITORIAL-par-Christiane-Alberti.-Parole1.pdf\">EDITORIAL par Christiane Alberti. Parole<\/a><!--more--><\/p>\n<p align=\"right\"><span style=\"color: #ff0000;\"><strong>Parole <\/strong><\/span><\/p>\n<p align=\"right\"><span style=\"color: #0000ff;\"><strong>Christiane Alberti <\/strong><\/span><\/p>\n<p align=\"right\">\u00ab\u00a0Parler ce n\u2019est pas en m\u00eame temps \u00e9couter\u00a0; parler est <em>avant<\/em><em> tout<\/em> \u00e9couter.\u00a0\u00bb<\/p>\n<p align=\"right\">Martin Heidegger, <em>Acheminement vers la parole<\/em>, 1959, p. 241.<\/p>\n<p align=\"right\"><em><br \/>\n<\/em><em><\/em><\/p>\n<p style=\"text-align: justify;\">Notre combat actuel en faveur de l\u2019approche clinique de l\u2019autisme (signez la p\u00e9tition en ligne sur ce site\u00a0!) est insurrection face \u00e0 ce que Heidegger d\u00e9signait comme le \u00ab\u00a0danger supr\u00eame\u00a0\u00bb, soit l\u2019oubli de l\u2019essence m\u00eame du langage\u00a0: silence et \u00e9coute.<\/p>\n<p style=\"text-align: justify;\">Les m\u00e9thodes qui visent, par la contrainte, \u00e0 forcer la parole ou \u00e0 instrumentaliser le langage comme expression ou moyen de communication, sont abominables, car leur imp\u00e9ratif \u2013\u00a0\u00ab\u00a0Communiquez\u00a0!\u00a0\u00bb \u2013 d\u00e9poss\u00e8de le sujet de sa propre parole, en tentant de faire de celle-ci une mati\u00e8re premi\u00e8re d\u2019o\u00f9 extraire un plus de rendement. <span style=\"color: #0000ff;\">Lire la suite, en cliquant sur ce lien :<\/span><\/p>\n<p style=\"text-align: justify;\"><a href=\"http:\/\/www.lacanquotidien.fr\/blog\/wp-content\/uploads\/2012\/04\/EDITORIAL-par-Christiane-Alberti.-Parole.pdf\">EDITORIAL par Christiane Alberti. Parole<\/a><\/p>\n","protected":false},"excerpt":{"rendered":"<p>vient de para\u00eetre ! Pour le d\u00e9couvrir, <a title=\"cliquez-ici\" href=\"http:\/\/www.lacan-universite.fr\/wp-content\/uploads\/2012\/04\/uforca-16.html\" target=\"_blank\">cliquez ici<\/a>.<\/p>\n<p>\u2022 D\u00e9couvrir l\u2019\u00c9ditorial de Christiane Alberti, sous le titre \u00ab\u00a0Parole\u00a0\u00bb : <a href=\"http:\/\/www.lacanquotidien.fr\/blog\/wp-content\/uploads\/2012\/04\/EDITORIAL-par-Christiane-Alberti.-Parole1.pdf\">EDITORIAL par Christiane Alberti. Parole<\/a><\/p>\n","protected":false},"author":9,"featured_media":9938,"comment_status":"closed","ping_status":"closed","sticky":false,"template":"","format":"standard","meta":{"_monsterinsights_skip_tracking":false,"_monsterinsights_sitenote_active":false,"_monsterinsights_sitenote_note":"","_monsterinsights_sitenote_category":0,"footnotes":""},"categories":[917,568],"tags":[2126,2127,1749,247,1155,159],"class_list":["post-9935","post","type-post","status-publish","format-standard","has-post-thumbnail","hentry","category-programmes","category-vientdeparaitre","tag-2126","tag-approche-clinique-de-lautisme","tag-bulletin-uforca","tag-christiane-alberti","tag-parole","tag-universite-populaire-jacques-lacan"],"_links":{"self":[{"href":"https:\/\/lacanquotidien.fr\/blog\/wp-json\/wp\/v2\/posts\/9935","targetHints":{"allow":["GET"]}}],"collection":[{"href":"https:\/\/lacanquotidien.fr\/blog\/wp-json\/wp\/v2\/posts"}],"about":[{"href":"https:\/\/lacanquotidien.fr\/blog\/wp-json\/wp\/v2\/types\/post"}],"author":[{"embeddable":true,"href":"https:\/\/lacanquotidien.fr\/blog\/wp-json\/wp\/v2\/users\/9"}],"replies":[{"embeddable":true,"href":"https:\/\/lacanquotidien.fr\/blog\/wp-json\/wp\/v2\/comments?post=9935"}],"version-history":[{"count":3,"href":"https:\/\/lacanquotidien.fr\/blog\/wp-json\/wp\/v2\/posts\/9935\/revisions"}],"predecessor-version":[{"id":9940,"href":"https:\/\/lacanquotidien.fr\/blog\/wp-json\/wp\/v2\/posts\/9935\/revisions\/9940"}],"wp:featuredmedia":[{"embeddable":true,"href":"https:\/\/lacanquotidien.fr\/blog\/wp-json\/wp\/v2\/media\/9938"}],"wp:attachment":[{"href":"https:\/\/lacanquotidien.fr\/blog\/wp-json\/wp\/v2\/media?parent=9935"}],"wp:term":[{"taxonomy":"category","embeddable":true,"href":"https:\/\/lacanquotidien.fr\/blog\/wp-json\/wp\/v2\/categories?post=9935"},{"taxonomy":"post_tag","embeddable":true,"href":"https:\/\/lacanquotidien.fr\/blog\/wp-json\/wp\/v2\/tags?post=9935"}],"curies":[{"name":"wp","href":"https:\/\/api.w.org\/{rel}","templated":true}]}}