{"id":999,"date":"2011-09-21T20:34:53","date_gmt":"2011-09-21T18:34:53","guid":{"rendered":"http:\/\/www.lacanquotidien.fr\/blogx16y\/?p=999"},"modified":"2011-09-30T18:17:38","modified_gmt":"2011-09-30T16:17:38","slug":"world-wild-web-marco-mauas-passions-d%e2%80%99israel-sionisme-ontologie-existence-et-politique-a-propos-d%e2%80%99un-livre-d%e2%80%99ivan-segre-%e2%80%9cqu%e2%80%99appelle-t-on-penser-auschwit","status":"publish","type":"post","link":"https:\/\/lacanquotidien.fr\/blog\/2011\/09\/world-wild-web-marco-mauas-passions-d%e2%80%99israel-sionisme-ontologie-existence-et-politique-a-propos-d%e2%80%99un-livre-d%e2%80%99ivan-segre-%e2%80%9cqu%e2%80%99appelle-t-on-penser-auschwit\/","title":{"rendered":"WORLD WILD WEB : MARCO MAUAS Passions d\u2019Isra\u00ebl : Sionisme, ontologie, existence et politique. A propos d\u2019un livre d\u2019Ivan Segr\u00e9 \u201cQu\u2019appelle-t-on penser Auschwitz? \u00bb &#8211; LQ 34"},"content":{"rendered":"<p style=\"text-align: justify;\"><strong>[<\/strong>Le livre est paru en 2009 aux \u00e9ditions Lignes et comporte une pr\u00e9face d\u2019Alain Badiou.]<\/p>\n<p style=\"text-align: justify;\">Selon Alain Badiou, les math\u00e9matiques rel\u00e8vent de l\u2019ontologie. C\u2019est sans doute cette hypoth\u00e8se, entre autres choses, qui le conduit a pr\u00e9facer cet \u00e9trange livre, <!--more-->(dont l\u2019auteur, Juif, vit en Isra\u00ebl) en ajoutant m\u00eame qu\u2019il est, avec Lacoue-Labarthe, le seul philosophe mentionn\u00e9\u00a0 dans ses pages. Ce livre condense le malentendu fondamental qui habite les passions autour du Sionisme. L\u2019auteur, prenant comme soutien une phrase de Heidegger, la seule que le philosophe aurait prononc\u00e9 sur les camps d\u2019extermination, tente de d\u00e9montrer que l\u2019antis\u00e9mitisme est seulement le c\u00f4t\u00e9 \u00ab\u00a0empirique\u00a0\u00bb de Auschwitz. Le ph\u00e9nom\u00e8ne doit \u00eatre interrog\u00e9 plut\u00f4t du c\u00f4t\u00e9 de la technique, et ainsi on verra comment Heidegger, de s\u2019interroger sur cette \u00ab\u00a0fabrique de cadavres\u00a0\u00bb\u00a0: \u00ab\u00a0meurent-ils\u00a0?\u00a0\u00bb, arrive beaucoup plus profond\u00e9ment, parce qu\u2019au lieu d\u2019utiliser Auschwitz pour les fins de la politique du Sionisme, nous porte vers la possibilit\u00e9 de \u00ab\u00a0penser\u00a0\u00bb Auschwitz, tache essentielle, d\u00e9licate, du philosophe, qui m\u00eame peut \u00eatre r\u00e9alis\u00e9e d\u2019une fa\u00e7on \u00ab\u00a0r\u00e9jouissante et cruelle\u00a0\u00bb (Badiou (sic) \u00ab\u00a0Pr\u00e9face\u00a0\u00bb).<\/p>\n<p style=\"text-align: justify;\">La seule difficult\u00e9 qui demeure, pour Badiou et sa th\u00e9orie des math\u00e9matiques dont l\u2019ontologie ne voudrait rien savoir des choses, est que, comme le dit mon ami Gil Caroz, qui\u00a0 viendra parler avec nous au Workshopde l\u2019UPJL en Novembre prochain (13, 10-14hs), avec notre invit\u00e9e Agnes Aflalo, est, premi\u00e8rement, que l\u2019<em>existence<\/em> de l\u2019\u00c9tat Juif fut d\u00e9clench\u00e9e sans doute apr\u00e8s la Shoah, et on peine \u00e0 utiliser une ontologie d\u00e9pourvue de la chose quand la chose est le corps m\u00eame. Voila l\u2019impens\u00e9 de Badiou, de Segr\u00e9\u2026et de Heidegger.\u00a0 Deuxi\u00e8mement, pour \u00ab\u00a0illustrer\u00a0\u00bb ce point, ils y sont les nombres sur les corps des prisonniers. Quelle math\u00e9matique utiliser\u00a0?<\/p>\n<p style=\"text-align: justify;\"><strong>Lacan \u00e9tait plus juste<\/strong> quand il disait que le Nazisme n\u2019avait eu \u00ab\u00a0que la valeur\u00a0\u00bb d\u2019un r\u00e9actif pr\u00e9curseur du ph\u00e9nom\u00e8ne des maniements des corps par la science, la s\u00e9gr\u00e9gation. Plus juste parce qu\u2019il ne pr\u00e9tendait pas \u00ab\u00a0penser\u00a0\u00bb Auschwitz, mais se situer comme son contemporain.<\/p>\n<p style=\"text-align: justify;\">\u00a0<em>Workshop de l\u2019UPJL: \u201cShoah, Sionisme, et l\u2019extr\u00eame gauche dite \u00ab\u00a0lacanienne\u00a0\u00bb.<\/em><\/p>\n<p style=\"text-align: justify;\"><em>\u00a0Lacan, J :\u201dAutres \u00c9crits, Seuil, Paris, 2001,p. 588.<\/em><\/p>\n","protected":false},"excerpt":{"rendered":"<p style=\"text-align: justify;\">[Le livre est paru en 2009 aux \u00e9ditions Lignes et comporte une pr\u00e9face d\u2019Alain Badiou.]<\/p>\n<p style=\"text-align: justify;\">Selon Alain Badiou, les math\u00e9matiques rel\u00e8vent de l\u2019ontologie. C\u2019est sans doute cette hypoth\u00e8se, entre autres choses, qui le conduit a pr\u00e9facer cet \u00e9trange livre, <\/p>\n","protected":false},"author":4,"featured_media":1035,"comment_status":"closed","ping_status":"closed","sticky":false,"template":"","format":"standard","meta":{"_monsterinsights_skip_tracking":false,"_monsterinsights_sitenote_active":false,"_monsterinsights_sitenote_note":"","_monsterinsights_sitenote_category":0,"footnotes":""},"categories":[7],"tags":[190,193,154,189,191,194,192],"class_list":["post-999","post","type-post","status-publish","format-standard","has-post-thumbnail","hentry","category-worldwideweb","tag-alain-badiou","tag-auschwitz","tag-heidegger","tag-marco-mauas","tag-mathematique","tag-nazisme","tag-shoah"],"_links":{"self":[{"href":"https:\/\/lacanquotidien.fr\/blog\/wp-json\/wp\/v2\/posts\/999","targetHints":{"allow":["GET"]}}],"collection":[{"href":"https:\/\/lacanquotidien.fr\/blog\/wp-json\/wp\/v2\/posts"}],"about":[{"href":"https:\/\/lacanquotidien.fr\/blog\/wp-json\/wp\/v2\/types\/post"}],"author":[{"embeddable":true,"href":"https:\/\/lacanquotidien.fr\/blog\/wp-json\/wp\/v2\/users\/4"}],"replies":[{"embeddable":true,"href":"https:\/\/lacanquotidien.fr\/blog\/wp-json\/wp\/v2\/comments?post=999"}],"version-history":[{"count":7,"href":"https:\/\/lacanquotidien.fr\/blog\/wp-json\/wp\/v2\/posts\/999\/revisions"}],"predecessor-version":[{"id":1623,"href":"https:\/\/lacanquotidien.fr\/blog\/wp-json\/wp\/v2\/posts\/999\/revisions\/1623"}],"wp:featuredmedia":[{"embeddable":true,"href":"https:\/\/lacanquotidien.fr\/blog\/wp-json\/wp\/v2\/media\/1035"}],"wp:attachment":[{"href":"https:\/\/lacanquotidien.fr\/blog\/wp-json\/wp\/v2\/media?parent=999"}],"wp:term":[{"taxonomy":"category","embeddable":true,"href":"https:\/\/lacanquotidien.fr\/blog\/wp-json\/wp\/v2\/categories?post=999"},{"taxonomy":"post_tag","embeddable":true,"href":"https:\/\/lacanquotidien.fr\/blog\/wp-json\/wp\/v2\/tags?post=999"}],"curies":[{"name":"wp","href":"https:\/\/api.w.org\/{rel}","templated":true}]}}