{"id":4219,"count":1,"description":"","link":"https:\/\/lacanquotidien.fr\/blog\/tag\/ceremonie-des-cesar\/","name":"C\u00e9r\u00e9monie des C\u00e9sar","slug":"ceremonie-des-cesar","taxonomy":"post_tag","meta":[],"_links":{"self":[{"href":"https:\/\/lacanquotidien.fr\/blog\/wp-json\/wp\/v2\/tags\/4219","targetHints":{"allow":["GET"]}}],"collection":[{"href":"https:\/\/lacanquotidien.fr\/blog\/wp-json\/wp\/v2\/tags"}],"about":[{"href":"https:\/\/lacanquotidien.fr\/blog\/wp-json\/wp\/v2\/taxonomies\/post_tag"}],"wp:post_type":[{"href":"https:\/\/lacanquotidien.fr\/blog\/wp-json\/wp\/v2\/posts?tags=4219"}],"curies":[{"name":"wp","href":"https:\/\/api.w.org\/{rel}","templated":true}]}}